{"id":964,"date":"2018-06-21T14:59:26","date_gmt":"2018-06-21T12:59:26","guid":{"rendered":"http:\/\/58efa4b3d9.nxcli.net\/uncategorized\/ecole-sig-gps-et-nouvelles-technologies-12-au-24-septembre-2011\/"},"modified":"2022-12-18T19:49:16","modified_gmt":"2022-12-18T18:49:16","slug":"ecole-sig-gps-et-nouvelles-technologies-12-au-24-septembre-2011","status":"publish","type":"post","link":"https:\/\/www.girgea.org\/en\/uncategorized\/ecole-sig-gps-et-nouvelles-technologies-12-au-24-septembre-2011\/","title":{"rendered":"Ecole SIG, GPS et nouvelles technologies 12 au 24 septembre 2011"},"content":{"rendered":"<p><strong>RDC<\/strong><br \/>\nUne \u00e9cole sur les SIG, GPS et nouvelles technologies, s\u2019est d\u00e9roul\u00e9e en RDC du 15 au 25 septembre 2011. Vous pouvez trouver le rapport de cette \u00e9cole en fran\u00e7ais en cliquant ici et en anglais sur le site www.iswi-secretariat.org .<\/p>\n<p>Cette \u00e9cole a \u00e9t\u00e9 organis\u00e9e par Bruno Kahindo, coordinateur ISWI de RDC et Christine Amory-Mazaudier, secr\u00e9taire scientifique du GIRGEA.<\/p>\n<p>Cette \u00e9cole a r\u00e9uni 90 participants essentiellement d\u2019Afrique centrale RDC et RC.<\/p>\n<p>Deux ministres ont particip\u00e9 \u00e0 la c\u00e9r\u00e9monie d\u2019Ouverture et l\u2019\u00e9cole a \u00e9t\u00e9 suivie par la t\u00e9l\u00e9vision durant les 15 jours.<\/p>\n<p>Ministre de l\u2019Education et de l\u2019Enseignement Sup\u00e9rieur : Mashako Mamba<\/p>\n<p>Ministre des Hydrocarbures: C\u00e9lestin Mbuyu Kabango<\/p>\n<p>S\u00e9cr\u00e9taire G\u00e9n. de l\u2019Acad\u00e9mie : Prosper Kanyakongote Mpangazehe<\/p>\n<p>A la suite de cette \u00e9cole un programme pour l\u2019encadrement de 8 th\u00e8ses d\u2019\u00e9tudiants de RDC est en cours d\u2019\u00e9laboration.<\/p>\n","protected":false},"excerpt":{"rendered":"<p>RDC Une \u00e9cole sur les SIG, GPS et nouvelles technologies, s\u2019est d\u00e9roul\u00e9e en RDC du 15 au 25 septembre 2011. Vous pouvez trouver le rapport de cette \u00e9cole en fran\u00e7ais en cliquant ici et en anglais sur le site www.iswi-secretariat.org . Cette \u00e9cole a \u00e9t\u00e9 organis\u00e9e par Bruno Kahindo, coordinateur ISWI de RDC et Christine [&hellip;]<\/p>\n","protected":false},"author":1,"featured_media":0,"comment_status":"closed","ping_status":"closed","sticky":false,"template":"","format":"standard","meta":{"_acf_changed":false,"site-sidebar-layout":"default","site-content-layout":"","ast-site-content-layout":"default","site-content-style":"default","site-sidebar-style":"default","ast-global-header-display":"","ast-banner-title-visibility":"","ast-main-header-display":"","ast-hfb-above-header-display":"","ast-hfb-below-header-display":"","ast-hfb-mobile-header-display":"","site-post-title":"","ast-breadcrumbs-content":"","ast-featured-img":"","footer-sml-layout":"","ast-disable-related-posts":"","theme-transparent-header-meta":"","adv-header-id-meta":"","stick-header-meta":"","header-above-stick-meta":"","header-main-stick-meta":"","header-below-stick-meta":"","astra-migrate-meta-layouts":"default","ast-page-background-enabled":"default","ast-page-background-meta":{"desktop":{"background-color":"var(--ast-global-color-4)","background-image":"","background-repeat":"repeat","background-position":"center center","background-size":"auto","background-attachment":"scroll","background-type":"","background-media":"","overlay-type":"","overlay-color":"","overlay-opacity":"","overlay-gradient":""},"tablet":{"background-color":"","background-image":"","background-repeat":"repeat","background-position":"center center","background-size":"auto","background-attachment":"scroll","background-type":"","background-media":"","overlay-type":"","overlay-color":"","overlay-opacity":"","overlay-gradient":""},"mobile":{"background-color":"","background-image":"","background-repeat":"repeat","background-position":"center center","background-size":"auto","background-attachment":"scroll","background-type":"","background-media":"","overlay-type":"","overlay-color":"","overlay-opacity":"","overlay-gradient":""}},"ast-content-background-meta":{"desktop":{"background-color":"var(--ast-global-color-5)","background-image":"","background-repeat":"repeat","background-position":"center center","background-size":"auto","background-attachment":"scroll","background-type":"","background-media":"","overlay-type":"","overlay-color":"","overlay-opacity":"","overlay-gradient":""},"tablet":{"background-color":"var(--ast-global-color-5)","background-image":"","background-repeat":"repeat","background-position":"center center","background-size":"auto","background-attachment":"scroll","background-type":"","background-media":"","overlay-type":"","overlay-color":"","overlay-opacity":"","overlay-gradient":""},"mobile":{"background-color":"var(--ast-global-color-5)","background-image":"","background-repeat":"repeat","background-position":"center center","background-size":"auto","background-attachment":"scroll","background-type":"","background-media":"","overlay-type":"","overlay-color":"","overlay-opacity":"","overlay-gradient":""}},"footnotes":""},"categories":[12],"tags":[],"class_list":["post-964","post","type-post","status-publish","format-standard","hentry","category-uncategorized"],"acf":[],"yoast_head":"<!-- This site is optimized with the Yoast SEO plugin v27.0 - https:\/\/yoast.com\/product\/yoast-seo-wordpress\/ -->\n<title>Ecole SIG, GPS et nouvelles technologies 12 au 24 septembre 2011 - Girgea<\/title>\n<meta name=\"robots\" content=\"index, follow, max-snippet:-1, max-image-preview:large, max-video-preview:-1\" \/>\n<link rel=\"canonical\" href=\"https:\/\/www.girgea.org\/en\/uncategorized\/ecole-sig-gps-et-nouvelles-technologies-12-au-24-septembre-2011\/\" \/>\n<meta property=\"og:locale\" content=\"en_US\" \/>\n<meta property=\"og:type\" content=\"article\" \/>\n<meta property=\"og:title\" content=\"Ecole SIG, GPS et nouvelles technologies 12 au 24 septembre 2011 - Girgea\" \/>\n<meta property=\"og:description\" content=\"RDC Une \u00e9cole sur les SIG, GPS et nouvelles technologies, s\u2019est d\u00e9roul\u00e9e en RDC du 15 au 25 septembre 2011. Vous pouvez trouver le rapport de cette \u00e9cole en fran\u00e7ais en cliquant ici et en anglais sur le site www.iswi-secretariat.org . Cette \u00e9cole a \u00e9t\u00e9 organis\u00e9e par Bruno Kahindo, coordinateur ISWI de RDC et Christine [&hellip;]\" \/>\n<meta property=\"og:url\" content=\"https:\/\/www.girgea.org\/en\/uncategorized\/ecole-sig-gps-et-nouvelles-technologies-12-au-24-septembre-2011\/\" \/>\n<meta property=\"og:site_name\" content=\"Girgea\" \/>\n<meta property=\"article:published_time\" content=\"2018-06-21T12:59:26+00:00\" \/>\n<meta property=\"article:modified_time\" content=\"2022-12-18T18:49:16+00:00\" \/>\n<meta name=\"author\" content=\"admin4632\" \/>\n<meta name=\"twitter:card\" content=\"summary_large_image\" \/>\n<meta name=\"twitter:label1\" content=\"Written by\" \/>\n\t<meta name=\"twitter:data1\" content=\"admin4632\" \/>\n\t<meta name=\"twitter:label2\" content=\"Est. reading time\" \/>\n\t<meta name=\"twitter:data2\" content=\"1 minute\" \/>\n<script type=\"application\/ld+json\" class=\"yoast-schema-graph\">{\"@context\":\"https:\/\/schema.org\",\"@graph\":[{\"@type\":\"Article\",\"@id\":\"https:\/\/www.girgea.org\/en\/uncategorized\/ecole-sig-gps-et-nouvelles-technologies-12-au-24-septembre-2011\/#article\",\"isPartOf\":{\"@id\":\"https:\/\/www.girgea.org\/en\/uncategorized\/ecole-sig-gps-et-nouvelles-technologies-12-au-24-septembre-2011\/\"},\"author\":{\"name\":\"admin4632\",\"@id\":\"https:\/\/www.girgea.org\/en\/#\/schema\/person\/ecd3d7f0d1ce14f55605169e427dbc2d\"},\"headline\":\"Ecole SIG, GPS et nouvelles technologies 12 au 24 septembre 2011\",\"datePublished\":\"2018-06-21T12:59:26+00:00\",\"dateModified\":\"2022-12-18T18:49:16+00:00\",\"mainEntityOfPage\":{\"@id\":\"https:\/\/www.girgea.org\/en\/uncategorized\/ecole-sig-gps-et-nouvelles-technologies-12-au-24-septembre-2011\/\"},\"wordCount\":163,\"inLanguage\":\"en-US\"},{\"@type\":\"WebPage\",\"@id\":\"https:\/\/www.girgea.org\/en\/uncategorized\/ecole-sig-gps-et-nouvelles-technologies-12-au-24-septembre-2011\/\",\"url\":\"https:\/\/www.girgea.org\/en\/uncategorized\/ecole-sig-gps-et-nouvelles-technologies-12-au-24-septembre-2011\/\",\"name\":\"Ecole SIG, GPS et nouvelles technologies 12 au 24 septembre 2011 - Girgea\",\"isPartOf\":{\"@id\":\"https:\/\/www.girgea.org\/en\/#website\"},\"datePublished\":\"2018-06-21T12:59:26+00:00\",\"dateModified\":\"2022-12-18T18:49:16+00:00\",\"author\":{\"@id\":\"https:\/\/www.girgea.org\/en\/#\/schema\/person\/ecd3d7f0d1ce14f55605169e427dbc2d\"},\"breadcrumb\":{\"@id\":\"https:\/\/www.girgea.org\/en\/uncategorized\/ecole-sig-gps-et-nouvelles-technologies-12-au-24-septembre-2011\/#breadcrumb\"},\"inLanguage\":\"en-US\",\"potentialAction\":[{\"@type\":\"ReadAction\",\"target\":[\"https:\/\/www.girgea.org\/en\/uncategorized\/ecole-sig-gps-et-nouvelles-technologies-12-au-24-septembre-2011\/\"]}]},{\"@type\":\"BreadcrumbList\",\"@id\":\"https:\/\/www.girgea.org\/en\/uncategorized\/ecole-sig-gps-et-nouvelles-technologies-12-au-24-septembre-2011\/#breadcrumb\",\"itemListElement\":[{\"@type\":\"ListItem\",\"position\":1,\"name\":\"Accueil\",\"item\":\"https:\/\/www.girgea.org\/en\/home\/\"},{\"@type\":\"ListItem\",\"position\":2,\"name\":\"Ecole SIG, GPS et nouvelles technologies 12 au 24 septembre 2011\"}]},{\"@type\":\"WebSite\",\"@id\":\"https:\/\/www.girgea.org\/en\/#website\",\"url\":\"https:\/\/www.girgea.org\/en\/\",\"name\":\"Girgea\",\"description\":\"Groupe de Recherche en G\u00e9ophysique Europe Afrique Asie Am\u00e9rique\",\"potentialAction\":[{\"@type\":\"SearchAction\",\"target\":{\"@type\":\"EntryPoint\",\"urlTemplate\":\"https:\/\/www.girgea.org\/en\/?s={search_term_string}\"},\"query-input\":{\"@type\":\"PropertyValueSpecification\",\"valueRequired\":true,\"valueName\":\"search_term_string\"}}],\"inLanguage\":\"en-US\"},{\"@type\":\"Person\",\"@id\":\"https:\/\/www.girgea.org\/en\/#\/schema\/person\/ecd3d7f0d1ce14f55605169e427dbc2d\",\"name\":\"admin4632\",\"image\":{\"@type\":\"ImageObject\",\"inLanguage\":\"en-US\",\"@id\":\"https:\/\/www.girgea.org\/en\/#\/schema\/person\/image\/\",\"url\":\"https:\/\/secure.gravatar.com\/avatar\/1d1d586871b72cd68a33f670d541df955c2241e64a89f922b4cfdb2de870e005?s=96&d=mm&r=g\",\"contentUrl\":\"https:\/\/secure.gravatar.com\/avatar\/1d1d586871b72cd68a33f670d541df955c2241e64a89f922b4cfdb2de870e005?s=96&d=mm&r=g\",\"caption\":\"admin4632\"},\"url\":\"https:\/\/www.girgea.org\/en\/author\/admin4632\/\"}]}<\/script>\n<!-- \/ Yoast SEO plugin. -->","yoast_head_json":{"title":"Ecole SIG, GPS et nouvelles technologies 12 au 24 septembre 2011 - Girgea","robots":{"index":"index","follow":"follow","max-snippet":"max-snippet:-1","max-image-preview":"max-image-preview:large","max-video-preview":"max-video-preview:-1"},"canonical":"https:\/\/www.girgea.org\/en\/uncategorized\/ecole-sig-gps-et-nouvelles-technologies-12-au-24-septembre-2011\/","og_locale":"en_US","og_type":"article","og_title":"Ecole SIG, GPS et nouvelles technologies 12 au 24 septembre 2011 - Girgea","og_description":"RDC Une \u00e9cole sur les SIG, GPS et nouvelles technologies, s\u2019est d\u00e9roul\u00e9e en RDC du 15 au 25 septembre 2011. Vous pouvez trouver le rapport de cette \u00e9cole en fran\u00e7ais en cliquant ici et en anglais sur le site www.iswi-secretariat.org . Cette \u00e9cole a \u00e9t\u00e9 organis\u00e9e par Bruno Kahindo, coordinateur ISWI de RDC et Christine [&hellip;]","og_url":"https:\/\/www.girgea.org\/en\/uncategorized\/ecole-sig-gps-et-nouvelles-technologies-12-au-24-septembre-2011\/","og_site_name":"Girgea","article_published_time":"2018-06-21T12:59:26+00:00","article_modified_time":"2022-12-18T18:49:16+00:00","author":"admin4632","twitter_card":"summary_large_image","twitter_misc":{"Written by":"admin4632","Est. reading time":"1 minute"},"schema":{"@context":"https:\/\/schema.org","@graph":[{"@type":"Article","@id":"https:\/\/www.girgea.org\/en\/uncategorized\/ecole-sig-gps-et-nouvelles-technologies-12-au-24-septembre-2011\/#article","isPartOf":{"@id":"https:\/\/www.girgea.org\/en\/uncategorized\/ecole-sig-gps-et-nouvelles-technologies-12-au-24-septembre-2011\/"},"author":{"name":"admin4632","@id":"https:\/\/www.girgea.org\/en\/#\/schema\/person\/ecd3d7f0d1ce14f55605169e427dbc2d"},"headline":"Ecole SIG, GPS et nouvelles technologies 12 au 24 septembre 2011","datePublished":"2018-06-21T12:59:26+00:00","dateModified":"2022-12-18T18:49:16+00:00","mainEntityOfPage":{"@id":"https:\/\/www.girgea.org\/en\/uncategorized\/ecole-sig-gps-et-nouvelles-technologies-12-au-24-septembre-2011\/"},"wordCount":163,"inLanguage":"en-US"},{"@type":"WebPage","@id":"https:\/\/www.girgea.org\/en\/uncategorized\/ecole-sig-gps-et-nouvelles-technologies-12-au-24-septembre-2011\/","url":"https:\/\/www.girgea.org\/en\/uncategorized\/ecole-sig-gps-et-nouvelles-technologies-12-au-24-septembre-2011\/","name":"Ecole SIG, GPS et nouvelles technologies 12 au 24 septembre 2011 - Girgea","isPartOf":{"@id":"https:\/\/www.girgea.org\/en\/#website"},"datePublished":"2018-06-21T12:59:26+00:00","dateModified":"2022-12-18T18:49:16+00:00","author":{"@id":"https:\/\/www.girgea.org\/en\/#\/schema\/person\/ecd3d7f0d1ce14f55605169e427dbc2d"},"breadcrumb":{"@id":"https:\/\/www.girgea.org\/en\/uncategorized\/ecole-sig-gps-et-nouvelles-technologies-12-au-24-septembre-2011\/#breadcrumb"},"inLanguage":"en-US","potentialAction":[{"@type":"ReadAction","target":["https:\/\/www.girgea.org\/en\/uncategorized\/ecole-sig-gps-et-nouvelles-technologies-12-au-24-septembre-2011\/"]}]},{"@type":"BreadcrumbList","@id":"https:\/\/www.girgea.org\/en\/uncategorized\/ecole-sig-gps-et-nouvelles-technologies-12-au-24-septembre-2011\/#breadcrumb","itemListElement":[{"@type":"ListItem","position":1,"name":"Accueil","item":"https:\/\/www.girgea.org\/en\/home\/"},{"@type":"ListItem","position":2,"name":"Ecole SIG, GPS et nouvelles technologies 12 au 24 septembre 2011"}]},{"@type":"WebSite","@id":"https:\/\/www.girgea.org\/en\/#website","url":"https:\/\/www.girgea.org\/en\/","name":"Girgea","description":"Groupe de Recherche en G\u00e9ophysique Europe Afrique Asie Am\u00e9rique","potentialAction":[{"@type":"SearchAction","target":{"@type":"EntryPoint","urlTemplate":"https:\/\/www.girgea.org\/en\/?s={search_term_string}"},"query-input":{"@type":"PropertyValueSpecification","valueRequired":true,"valueName":"search_term_string"}}],"inLanguage":"en-US"},{"@type":"Person","@id":"https:\/\/www.girgea.org\/en\/#\/schema\/person\/ecd3d7f0d1ce14f55605169e427dbc2d","name":"admin4632","image":{"@type":"ImageObject","inLanguage":"en-US","@id":"https:\/\/www.girgea.org\/en\/#\/schema\/person\/image\/","url":"https:\/\/secure.gravatar.com\/avatar\/1d1d586871b72cd68a33f670d541df955c2241e64a89f922b4cfdb2de870e005?s=96&d=mm&r=g","contentUrl":"https:\/\/secure.gravatar.com\/avatar\/1d1d586871b72cd68a33f670d541df955c2241e64a89f922b4cfdb2de870e005?s=96&d=mm&r=g","caption":"admin4632"},"url":"https:\/\/www.girgea.org\/en\/author\/admin4632\/"}]}},"_links":{"self":[{"href":"https:\/\/www.girgea.org\/en\/wp-json\/wp\/v2\/posts\/964","targetHints":{"allow":["GET"]}}],"collection":[{"href":"https:\/\/www.girgea.org\/en\/wp-json\/wp\/v2\/posts"}],"about":[{"href":"https:\/\/www.girgea.org\/en\/wp-json\/wp\/v2\/types\/post"}],"author":[{"embeddable":true,"href":"https:\/\/www.girgea.org\/en\/wp-json\/wp\/v2\/users\/1"}],"replies":[{"embeddable":true,"href":"https:\/\/www.girgea.org\/en\/wp-json\/wp\/v2\/comments?post=964"}],"version-history":[{"count":2,"href":"https:\/\/www.girgea.org\/en\/wp-json\/wp\/v2\/posts\/964\/revisions"}],"predecessor-version":[{"id":21632,"href":"https:\/\/www.girgea.org\/en\/wp-json\/wp\/v2\/posts\/964\/revisions\/21632"}],"wp:attachment":[{"href":"https:\/\/www.girgea.org\/en\/wp-json\/wp\/v2\/media?parent=964"}],"wp:term":[{"taxonomy":"category","embeddable":true,"href":"https:\/\/www.girgea.org\/en\/wp-json\/wp\/v2\/categories?post=964"},{"taxonomy":"post_tag","embeddable":true,"href":"https:\/\/www.girgea.org\/en\/wp-json\/wp\/v2\/tags?post=964"}],"curies":[{"name":"wp","href":"https:\/\/api.w.org\/{rel}","templated":true}]}}