{"id":963,"date":"2018-06-21T15:00:37","date_gmt":"2018-06-21T13:00:37","guid":{"rendered":"http:\/\/58efa4b3d9.nxcli.net\/uncategorized\/maroc-ecole-de-meteorologie-de-lespace\/"},"modified":"2022-12-18T19:49:06","modified_gmt":"2022-12-18T18:49:06","slug":"maroc-ecole-de-meteorologie-de-lespace","status":"publish","type":"post","link":"https:\/\/www.girgea.org\/en\/uncategorized\/maroc-ecole-de-meteorologie-de-lespace\/","title":{"rendered":"MAROC : Ecole de M\u00e9t\u00e9orologie de l\u2019Espace"},"content":{"rendered":"<p><strong>Maroc<\/strong><\/p>\n<p>Une \u00e9cole de m\u00e9t\u00e9orologie de l\u2019Espace s\u2019est d\u00e9roul\u00e9e au Maroc du 5 au 16 d\u00e9cembre 2011. Vous pouvez trouver le rapport sur cette \u00e9cole en fran\u00e7ais en cliquant ici et en anglais sur le site www.iswi-secretariat.org<\/p>\n<p>Cette \u00e9cole a \u00e9t\u00e9 organis\u00e9e par le Professeur A. Touzani, Responsable du centre CRASTE-LF, par Nicole Vilmer coordinatrice ISWI France et par Christine Amory-Mazaudier, secr\u00e9taire scientifique de l\u2019\u00e9cole. A la suite de cette \u00e9cole trois \u00e9tudiants (2 du Maroc et 1 du B\u00e9nin) vont d\u00e9buter une th\u00e8se.<\/p>\n<p><img fetchpriority=\"high\" decoding=\"async\" class=\"aligncenter size-full wp-image-961\" src=\"https:\/\/www.girgea.org\/wp-content\/uploads\/photoMaroc.png\" alt=\"\" width=\"601\" height=\"450\" srcset=\"https:\/\/www.girgea.org\/wp-content\/uploads\/photoMaroc.png 601w, https:\/\/www.girgea.org\/wp-content\/uploads\/photoMaroc-300x225.png 300w, https:\/\/www.girgea.org\/wp-content\/uploads\/photoMaroc-510x382.png 510w\" sizes=\"(max-width: 601px) 100vw, 601px\" \/><\/p>\n<p>Il y avait 28 participants de 11 pays diff\u00e9rents d\u2019Afrique du Nord (Alg\u00e9rie, Mauritanie, Maroc), d\u2019Afrique de l\u2019Ouest (B\u00e9nin, Burkina Faso ,C\u00f4te d\u2019Ivoire, Niger, S\u00e9n\u00e9gal), d\u2019Afrique centrale (Cameroun, RDC) et d\u2019Afrique du Sud (Madagascar).<\/p>\n","protected":false},"excerpt":{"rendered":"<p>Maroc Une \u00e9cole de m\u00e9t\u00e9orologie de l\u2019Espace s\u2019est d\u00e9roul\u00e9e au Maroc du 5 au 16 d\u00e9cembre 2011. Vous pouvez trouver le rapport sur cette \u00e9cole en fran\u00e7ais en cliquant ici et en anglais sur le site www.iswi-secretariat.org Cette \u00e9cole a \u00e9t\u00e9 organis\u00e9e par le Professeur A. Touzani, Responsable du centre CRASTE-LF, par Nicole Vilmer coordinatrice [&hellip;]<\/p>\n","protected":false},"author":1,"featured_media":1640,"comment_status":"closed","ping_status":"closed","sticky":false,"template":"","format":"standard","meta":{"_acf_changed":false,"site-sidebar-layout":"default","site-content-layout":"","ast-site-content-layout":"default","site-content-style":"default","site-sidebar-style":"default","ast-global-header-display":"","ast-banner-title-visibility":"","ast-main-header-display":"","ast-hfb-above-header-display":"","ast-hfb-below-header-display":"","ast-hfb-mobile-header-display":"","site-post-title":"","ast-breadcrumbs-content":"","ast-featured-img":"","footer-sml-layout":"","ast-disable-related-posts":"","theme-transparent-header-meta":"","adv-header-id-meta":"","stick-header-meta":"","header-above-stick-meta":"","header-main-stick-meta":"","header-below-stick-meta":"","astra-migrate-meta-layouts":"default","ast-page-background-enabled":"default","ast-page-background-meta":{"desktop":{"background-color":"var(--ast-global-color-4)","background-image":"","background-repeat":"repeat","background-position":"center center","background-size":"auto","background-attachment":"scroll","background-type":"","background-media":"","overlay-type":"","overlay-color":"","overlay-opacity":"","overlay-gradient":""},"tablet":{"background-color":"","background-image":"","background-repeat":"repeat","background-position":"center center","background-size":"auto","background-attachment":"scroll","background-type":"","background-media":"","overlay-type":"","overlay-color":"","overlay-opacity":"","overlay-gradient":""},"mobile":{"background-color":"","background-image":"","background-repeat":"repeat","background-position":"center center","background-size":"auto","background-attachment":"scroll","background-type":"","background-media":"","overlay-type":"","overlay-color":"","overlay-opacity":"","overlay-gradient":""}},"ast-content-background-meta":{"desktop":{"background-color":"var(--ast-global-color-5)","background-image":"","background-repeat":"repeat","background-position":"center center","background-size":"auto","background-attachment":"scroll","background-type":"","background-media":"","overlay-type":"","overlay-color":"","overlay-opacity":"","overlay-gradient":""},"tablet":{"background-color":"var(--ast-global-color-5)","background-image":"","background-repeat":"repeat","background-position":"center center","background-size":"auto","background-attachment":"scroll","background-type":"","background-media":"","overlay-type":"","overlay-color":"","overlay-opacity":"","overlay-gradient":""},"mobile":{"background-color":"var(--ast-global-color-5)","background-image":"","background-repeat":"repeat","background-position":"center center","background-size":"auto","background-attachment":"scroll","background-type":"","background-media":"","overlay-type":"","overlay-color":"","overlay-opacity":"","overlay-gradient":""}},"footnotes":""},"categories":[12],"tags":[],"class_list":["post-963","post","type-post","status-publish","format-standard","has-post-thumbnail","hentry","category-uncategorized"],"acf":[],"yoast_head":"<!-- This site is optimized with the Yoast SEO plugin v27.0 - https:\/\/yoast.com\/product\/yoast-seo-wordpress\/ -->\n<title>MAROC : Ecole de M\u00e9t\u00e9orologie de l\u2019Espace - Girgea<\/title>\n<meta name=\"robots\" content=\"index, follow, max-snippet:-1, max-image-preview:large, max-video-preview:-1\" \/>\n<link rel=\"canonical\" href=\"https:\/\/www.girgea.org\/en\/uncategorized\/maroc-ecole-de-meteorologie-de-lespace\/\" \/>\n<meta property=\"og:locale\" content=\"en_US\" \/>\n<meta property=\"og:type\" content=\"article\" \/>\n<meta property=\"og:title\" content=\"MAROC : Ecole de M\u00e9t\u00e9orologie de l\u2019Espace - Girgea\" \/>\n<meta property=\"og:description\" content=\"Maroc Une \u00e9cole de m\u00e9t\u00e9orologie de l\u2019Espace s\u2019est d\u00e9roul\u00e9e au Maroc du 5 au 16 d\u00e9cembre 2011. Vous pouvez trouver le rapport sur cette \u00e9cole en fran\u00e7ais en cliquant ici et en anglais sur le site www.iswi-secretariat.org Cette \u00e9cole a \u00e9t\u00e9 organis\u00e9e par le Professeur A. Touzani, Responsable du centre CRASTE-LF, par Nicole Vilmer coordinatrice [&hellip;]\" \/>\n<meta property=\"og:url\" content=\"https:\/\/www.girgea.org\/en\/uncategorized\/maroc-ecole-de-meteorologie-de-lespace\/\" \/>\n<meta property=\"og:site_name\" content=\"Girgea\" \/>\n<meta property=\"article:published_time\" content=\"2018-06-21T13:00:37+00:00\" \/>\n<meta property=\"article:modified_time\" content=\"2022-12-18T18:49:06+00:00\" \/>\n<meta property=\"og:image\" content=\"https:\/\/www.girgea.org\/wp-content\/uploads\/photoMaroc.png\" \/>\n\t<meta property=\"og:image:width\" content=\"601\" \/>\n\t<meta property=\"og:image:height\" content=\"450\" \/>\n\t<meta property=\"og:image:type\" content=\"image\/png\" \/>\n<meta name=\"author\" content=\"admin4632\" \/>\n<meta name=\"twitter:card\" content=\"summary_large_image\" \/>\n<meta name=\"twitter:label1\" content=\"Written by\" \/>\n\t<meta name=\"twitter:data1\" content=\"admin4632\" \/>\n\t<meta name=\"twitter:label2\" content=\"Est. reading time\" \/>\n\t<meta name=\"twitter:data2\" content=\"1 minute\" \/>\n<script type=\"application\/ld+json\" class=\"yoast-schema-graph\">{\"@context\":\"https:\/\/schema.org\",\"@graph\":[{\"@type\":\"Article\",\"@id\":\"https:\/\/www.girgea.org\/en\/uncategorized\/maroc-ecole-de-meteorologie-de-lespace\/#article\",\"isPartOf\":{\"@id\":\"https:\/\/www.girgea.org\/en\/uncategorized\/maroc-ecole-de-meteorologie-de-lespace\/\"},\"author\":{\"name\":\"admin4632\",\"@id\":\"https:\/\/www.girgea.org\/en\/#\/schema\/person\/ecd3d7f0d1ce14f55605169e427dbc2d\"},\"headline\":\"MAROC : Ecole de M\u00e9t\u00e9orologie de l\u2019Espace\",\"datePublished\":\"2018-06-21T13:00:37+00:00\",\"dateModified\":\"2022-12-18T18:49:06+00:00\",\"mainEntityOfPage\":{\"@id\":\"https:\/\/www.girgea.org\/en\/uncategorized\/maroc-ecole-de-meteorologie-de-lespace\/\"},\"wordCount\":148,\"image\":{\"@id\":\"https:\/\/www.girgea.org\/en\/uncategorized\/maroc-ecole-de-meteorologie-de-lespace\/#primaryimage\"},\"thumbnailUrl\":\"https:\/\/www.girgea.org\/wp-content\/uploads\/photoMaroc.png\",\"inLanguage\":\"en-US\"},{\"@type\":\"WebPage\",\"@id\":\"https:\/\/www.girgea.org\/en\/uncategorized\/maroc-ecole-de-meteorologie-de-lespace\/\",\"url\":\"https:\/\/www.girgea.org\/en\/uncategorized\/maroc-ecole-de-meteorologie-de-lespace\/\",\"name\":\"MAROC : Ecole de M\u00e9t\u00e9orologie de l\u2019Espace - Girgea\",\"isPartOf\":{\"@id\":\"https:\/\/www.girgea.org\/en\/#website\"},\"primaryImageOfPage\":{\"@id\":\"https:\/\/www.girgea.org\/en\/uncategorized\/maroc-ecole-de-meteorologie-de-lespace\/#primaryimage\"},\"image\":{\"@id\":\"https:\/\/www.girgea.org\/en\/uncategorized\/maroc-ecole-de-meteorologie-de-lespace\/#primaryimage\"},\"thumbnailUrl\":\"https:\/\/www.girgea.org\/wp-content\/uploads\/photoMaroc.png\",\"datePublished\":\"2018-06-21T13:00:37+00:00\",\"dateModified\":\"2022-12-18T18:49:06+00:00\",\"author\":{\"@id\":\"https:\/\/www.girgea.org\/en\/#\/schema\/person\/ecd3d7f0d1ce14f55605169e427dbc2d\"},\"breadcrumb\":{\"@id\":\"https:\/\/www.girgea.org\/en\/uncategorized\/maroc-ecole-de-meteorologie-de-lespace\/#breadcrumb\"},\"inLanguage\":\"en-US\",\"potentialAction\":[{\"@type\":\"ReadAction\",\"target\":[\"https:\/\/www.girgea.org\/en\/uncategorized\/maroc-ecole-de-meteorologie-de-lespace\/\"]}]},{\"@type\":\"ImageObject\",\"inLanguage\":\"en-US\",\"@id\":\"https:\/\/www.girgea.org\/en\/uncategorized\/maroc-ecole-de-meteorologie-de-lespace\/#primaryimage\",\"url\":\"https:\/\/www.girgea.org\/wp-content\/uploads\/photoMaroc.png\",\"contentUrl\":\"https:\/\/www.girgea.org\/wp-content\/uploads\/photoMaroc.png\",\"width\":601,\"height\":450},{\"@type\":\"BreadcrumbList\",\"@id\":\"https:\/\/www.girgea.org\/en\/uncategorized\/maroc-ecole-de-meteorologie-de-lespace\/#breadcrumb\",\"itemListElement\":[{\"@type\":\"ListItem\",\"position\":1,\"name\":\"Accueil\",\"item\":\"https:\/\/www.girgea.org\/en\/home\/\"},{\"@type\":\"ListItem\",\"position\":2,\"name\":\"MAROC : Ecole de M\u00e9t\u00e9orologie de l\u2019Espace\"}]},{\"@type\":\"WebSite\",\"@id\":\"https:\/\/www.girgea.org\/en\/#website\",\"url\":\"https:\/\/www.girgea.org\/en\/\",\"name\":\"Girgea\",\"description\":\"Groupe de Recherche en G\u00e9ophysique Europe Afrique Asie Am\u00e9rique\",\"potentialAction\":[{\"@type\":\"SearchAction\",\"target\":{\"@type\":\"EntryPoint\",\"urlTemplate\":\"https:\/\/www.girgea.org\/en\/?s={search_term_string}\"},\"query-input\":{\"@type\":\"PropertyValueSpecification\",\"valueRequired\":true,\"valueName\":\"search_term_string\"}}],\"inLanguage\":\"en-US\"},{\"@type\":\"Person\",\"@id\":\"https:\/\/www.girgea.org\/en\/#\/schema\/person\/ecd3d7f0d1ce14f55605169e427dbc2d\",\"name\":\"admin4632\",\"image\":{\"@type\":\"ImageObject\",\"inLanguage\":\"en-US\",\"@id\":\"https:\/\/www.girgea.org\/en\/#\/schema\/person\/image\/\",\"url\":\"https:\/\/secure.gravatar.com\/avatar\/1d1d586871b72cd68a33f670d541df955c2241e64a89f922b4cfdb2de870e005?s=96&d=mm&r=g\",\"contentUrl\":\"https:\/\/secure.gravatar.com\/avatar\/1d1d586871b72cd68a33f670d541df955c2241e64a89f922b4cfdb2de870e005?s=96&d=mm&r=g\",\"caption\":\"admin4632\"},\"url\":\"https:\/\/www.girgea.org\/en\/author\/admin4632\/\"}]}<\/script>\n<!-- \/ Yoast SEO plugin. -->","yoast_head_json":{"title":"MAROC : Ecole de M\u00e9t\u00e9orologie de l\u2019Espace - Girgea","robots":{"index":"index","follow":"follow","max-snippet":"max-snippet:-1","max-image-preview":"max-image-preview:large","max-video-preview":"max-video-preview:-1"},"canonical":"https:\/\/www.girgea.org\/en\/uncategorized\/maroc-ecole-de-meteorologie-de-lespace\/","og_locale":"en_US","og_type":"article","og_title":"MAROC : Ecole de M\u00e9t\u00e9orologie de l\u2019Espace - Girgea","og_description":"Maroc Une \u00e9cole de m\u00e9t\u00e9orologie de l\u2019Espace s\u2019est d\u00e9roul\u00e9e au Maroc du 5 au 16 d\u00e9cembre 2011. Vous pouvez trouver le rapport sur cette \u00e9cole en fran\u00e7ais en cliquant ici et en anglais sur le site www.iswi-secretariat.org Cette \u00e9cole a \u00e9t\u00e9 organis\u00e9e par le Professeur A. Touzani, Responsable du centre CRASTE-LF, par Nicole Vilmer coordinatrice [&hellip;]","og_url":"https:\/\/www.girgea.org\/en\/uncategorized\/maroc-ecole-de-meteorologie-de-lespace\/","og_site_name":"Girgea","article_published_time":"2018-06-21T13:00:37+00:00","article_modified_time":"2022-12-18T18:49:06+00:00","og_image":[{"width":601,"height":450,"url":"https:\/\/www.girgea.org\/wp-content\/uploads\/photoMaroc.png","type":"image\/png"}],"author":"admin4632","twitter_card":"summary_large_image","twitter_misc":{"Written by":"admin4632","Est. reading time":"1 minute"},"schema":{"@context":"https:\/\/schema.org","@graph":[{"@type":"Article","@id":"https:\/\/www.girgea.org\/en\/uncategorized\/maroc-ecole-de-meteorologie-de-lespace\/#article","isPartOf":{"@id":"https:\/\/www.girgea.org\/en\/uncategorized\/maroc-ecole-de-meteorologie-de-lespace\/"},"author":{"name":"admin4632","@id":"https:\/\/www.girgea.org\/en\/#\/schema\/person\/ecd3d7f0d1ce14f55605169e427dbc2d"},"headline":"MAROC : Ecole de M\u00e9t\u00e9orologie de l\u2019Espace","datePublished":"2018-06-21T13:00:37+00:00","dateModified":"2022-12-18T18:49:06+00:00","mainEntityOfPage":{"@id":"https:\/\/www.girgea.org\/en\/uncategorized\/maroc-ecole-de-meteorologie-de-lespace\/"},"wordCount":148,"image":{"@id":"https:\/\/www.girgea.org\/en\/uncategorized\/maroc-ecole-de-meteorologie-de-lespace\/#primaryimage"},"thumbnailUrl":"https:\/\/www.girgea.org\/wp-content\/uploads\/photoMaroc.png","inLanguage":"en-US"},{"@type":"WebPage","@id":"https:\/\/www.girgea.org\/en\/uncategorized\/maroc-ecole-de-meteorologie-de-lespace\/","url":"https:\/\/www.girgea.org\/en\/uncategorized\/maroc-ecole-de-meteorologie-de-lespace\/","name":"MAROC : Ecole de M\u00e9t\u00e9orologie de l\u2019Espace - Girgea","isPartOf":{"@id":"https:\/\/www.girgea.org\/en\/#website"},"primaryImageOfPage":{"@id":"https:\/\/www.girgea.org\/en\/uncategorized\/maroc-ecole-de-meteorologie-de-lespace\/#primaryimage"},"image":{"@id":"https:\/\/www.girgea.org\/en\/uncategorized\/maroc-ecole-de-meteorologie-de-lespace\/#primaryimage"},"thumbnailUrl":"https:\/\/www.girgea.org\/wp-content\/uploads\/photoMaroc.png","datePublished":"2018-06-21T13:00:37+00:00","dateModified":"2022-12-18T18:49:06+00:00","author":{"@id":"https:\/\/www.girgea.org\/en\/#\/schema\/person\/ecd3d7f0d1ce14f55605169e427dbc2d"},"breadcrumb":{"@id":"https:\/\/www.girgea.org\/en\/uncategorized\/maroc-ecole-de-meteorologie-de-lespace\/#breadcrumb"},"inLanguage":"en-US","potentialAction":[{"@type":"ReadAction","target":["https:\/\/www.girgea.org\/en\/uncategorized\/maroc-ecole-de-meteorologie-de-lespace\/"]}]},{"@type":"ImageObject","inLanguage":"en-US","@id":"https:\/\/www.girgea.org\/en\/uncategorized\/maroc-ecole-de-meteorologie-de-lespace\/#primaryimage","url":"https:\/\/www.girgea.org\/wp-content\/uploads\/photoMaroc.png","contentUrl":"https:\/\/www.girgea.org\/wp-content\/uploads\/photoMaroc.png","width":601,"height":450},{"@type":"BreadcrumbList","@id":"https:\/\/www.girgea.org\/en\/uncategorized\/maroc-ecole-de-meteorologie-de-lespace\/#breadcrumb","itemListElement":[{"@type":"ListItem","position":1,"name":"Accueil","item":"https:\/\/www.girgea.org\/en\/home\/"},{"@type":"ListItem","position":2,"name":"MAROC : Ecole de M\u00e9t\u00e9orologie de l\u2019Espace"}]},{"@type":"WebSite","@id":"https:\/\/www.girgea.org\/en\/#website","url":"https:\/\/www.girgea.org\/en\/","name":"Girgea","description":"Groupe de Recherche en G\u00e9ophysique Europe Afrique Asie Am\u00e9rique","potentialAction":[{"@type":"SearchAction","target":{"@type":"EntryPoint","urlTemplate":"https:\/\/www.girgea.org\/en\/?s={search_term_string}"},"query-input":{"@type":"PropertyValueSpecification","valueRequired":true,"valueName":"search_term_string"}}],"inLanguage":"en-US"},{"@type":"Person","@id":"https:\/\/www.girgea.org\/en\/#\/schema\/person\/ecd3d7f0d1ce14f55605169e427dbc2d","name":"admin4632","image":{"@type":"ImageObject","inLanguage":"en-US","@id":"https:\/\/www.girgea.org\/en\/#\/schema\/person\/image\/","url":"https:\/\/secure.gravatar.com\/avatar\/1d1d586871b72cd68a33f670d541df955c2241e64a89f922b4cfdb2de870e005?s=96&d=mm&r=g","contentUrl":"https:\/\/secure.gravatar.com\/avatar\/1d1d586871b72cd68a33f670d541df955c2241e64a89f922b4cfdb2de870e005?s=96&d=mm&r=g","caption":"admin4632"},"url":"https:\/\/www.girgea.org\/en\/author\/admin4632\/"}]}},"_links":{"self":[{"href":"https:\/\/www.girgea.org\/en\/wp-json\/wp\/v2\/posts\/963","targetHints":{"allow":["GET"]}}],"collection":[{"href":"https:\/\/www.girgea.org\/en\/wp-json\/wp\/v2\/posts"}],"about":[{"href":"https:\/\/www.girgea.org\/en\/wp-json\/wp\/v2\/types\/post"}],"author":[{"embeddable":true,"href":"https:\/\/www.girgea.org\/en\/wp-json\/wp\/v2\/users\/1"}],"replies":[{"embeddable":true,"href":"https:\/\/www.girgea.org\/en\/wp-json\/wp\/v2\/comments?post=963"}],"version-history":[{"count":1,"href":"https:\/\/www.girgea.org\/en\/wp-json\/wp\/v2\/posts\/963\/revisions"}],"predecessor-version":[{"id":11930,"href":"https:\/\/www.girgea.org\/en\/wp-json\/wp\/v2\/posts\/963\/revisions\/11930"}],"wp:featuredmedia":[{"embeddable":true,"href":"https:\/\/www.girgea.org\/en\/wp-json\/wp\/v2\/media\/1640"}],"wp:attachment":[{"href":"https:\/\/www.girgea.org\/en\/wp-json\/wp\/v2\/media?parent=963"}],"wp:term":[{"taxonomy":"category","embeddable":true,"href":"https:\/\/www.girgea.org\/en\/wp-json\/wp\/v2\/categories?post=963"},{"taxonomy":"post_tag","embeddable":true,"href":"https:\/\/www.girgea.org\/en\/wp-json\/wp\/v2\/tags?post=963"}],"curies":[{"name":"wp","href":"https:\/\/api.w.org\/{rel}","templated":true}]}}