{"id":907,"date":"2018-06-21T14:38:11","date_gmt":"2018-06-21T12:38:11","guid":{"rendered":"http:\/\/58efa4b3d9.nxcli.net\/uncategorized\/ecole-dete\/"},"modified":"2022-12-18T19:50:35","modified_gmt":"2022-12-18T18:50:35","slug":"ecole-dete","status":"publish","type":"post","link":"https:\/\/www.girgea.org\/en\/uncategorized\/ecole-dete\/","title":{"rendered":"Ecole d&#8217;\u00e9t\u00e9"},"content":{"rendered":"<p><strong>MAROC<\/strong><br \/>\nDepuis son inauguration en 2007, L&#8217;observatoire de l&#8217;Oukaimeden organise une \u00e9cole de printemps d&#8217;astrophysique chaque 2 ans. L\u2019\u00e9cole Internationale OISA&#8217;11 sera la troisi\u00e8me \u00e9dition et la premi\u00e8re \u00e9cole au Maroc \u00e0 aborder le th\u00e8me des exoplan\u00e8tes. Couvrant un vaste domaine, cette \u00e9cole sera l\u2019occasion pour les jeunes chercheurs et \u00e9tudiants marocains et \u00e9trangers de d\u00e9couvrir aussi bien les m\u00e9thodes de d\u00e9tection des exoplan\u00e8tes, d\u2019avoir une id\u00e9e de la mise en place de l\u2019instrumentation spatiale ainsi que de d\u00e9couvrir les m\u00e9thodes de caract\u00e9risation des diff\u00e9rents types d\u2019exoplan\u00e8tes (atmosph\u00e8re, taille). Les cours seront assur\u00e9s par des astronomes de renomm\u00e9e internationale qui participent \u00e0 de nombreuses missions d\u2019observation et d\u2019exploration spatiale .<br \/>\nVoir le site de l&#8217;\u00e9cole: <a href=\"http:\/\/www.ucam.ac.ma\/marrakechastro\/oisa\/\">http:\/\/www.ucam.ac.ma\/marrakechastro\/oisa\/<\/a><\/p>\n","protected":false},"excerpt":{"rendered":"<p>MAROC Depuis son inauguration en 2007, L&#8217;observatoire de l&#8217;Oukaimeden organise une \u00e9cole de printemps d&#8217;astrophysique chaque 2 ans. L\u2019\u00e9cole Internationale OISA&#8217;11 sera la troisi\u00e8me \u00e9dition et la premi\u00e8re \u00e9cole au Maroc \u00e0 aborder le th\u00e8me des exoplan\u00e8tes. Couvrant un vaste domaine, cette \u00e9cole sera l\u2019occasion pour les jeunes chercheurs et \u00e9tudiants marocains et \u00e9trangers de [&hellip;]<\/p>\n","protected":false},"author":1,"featured_media":0,"comment_status":"closed","ping_status":"closed","sticky":false,"template":"","format":"standard","meta":{"_acf_changed":false,"site-sidebar-layout":"default","site-content-layout":"","ast-site-content-layout":"default","site-content-style":"default","site-sidebar-style":"default","ast-global-header-display":"","ast-banner-title-visibility":"","ast-main-header-display":"","ast-hfb-above-header-display":"","ast-hfb-below-header-display":"","ast-hfb-mobile-header-display":"","site-post-title":"","ast-breadcrumbs-content":"","ast-featured-img":"","footer-sml-layout":"","ast-disable-related-posts":"","theme-transparent-header-meta":"","adv-header-id-meta":"","stick-header-meta":"","header-above-stick-meta":"","header-main-stick-meta":"","header-below-stick-meta":"","astra-migrate-meta-layouts":"default","ast-page-background-enabled":"default","ast-page-background-meta":{"desktop":{"background-color":"var(--ast-global-color-4)","background-image":"","background-repeat":"repeat","background-position":"center center","background-size":"auto","background-attachment":"scroll","background-type":"","background-media":"","overlay-type":"","overlay-color":"","overlay-opacity":"","overlay-gradient":""},"tablet":{"background-color":"","background-image":"","background-repeat":"repeat","background-position":"center center","background-size":"auto","background-attachment":"scroll","background-type":"","background-media":"","overlay-type":"","overlay-color":"","overlay-opacity":"","overlay-gradient":""},"mobile":{"background-color":"","background-image":"","background-repeat":"repeat","background-position":"center center","background-size":"auto","background-attachment":"scroll","background-type":"","background-media":"","overlay-type":"","overlay-color":"","overlay-opacity":"","overlay-gradient":""}},"ast-content-background-meta":{"desktop":{"background-color":"var(--ast-global-color-5)","background-image":"","background-repeat":"repeat","background-position":"center center","background-size":"auto","background-attachment":"scroll","background-type":"","background-media":"","overlay-type":"","overlay-color":"","overlay-opacity":"","overlay-gradient":""},"tablet":{"background-color":"var(--ast-global-color-5)","background-image":"","background-repeat":"repeat","background-position":"center center","background-size":"auto","background-attachment":"scroll","background-type":"","background-media":"","overlay-type":"","overlay-color":"","overlay-opacity":"","overlay-gradient":""},"mobile":{"background-color":"var(--ast-global-color-5)","background-image":"","background-repeat":"repeat","background-position":"center center","background-size":"auto","background-attachment":"scroll","background-type":"","background-media":"","overlay-type":"","overlay-color":"","overlay-opacity":"","overlay-gradient":""}},"footnotes":""},"categories":[12],"tags":[],"class_list":["post-907","post","type-post","status-publish","format-standard","hentry","category-uncategorized"],"acf":[],"yoast_head":"<!-- This site is optimized with the Yoast SEO plugin v27.0 - https:\/\/yoast.com\/product\/yoast-seo-wordpress\/ -->\n<title>Ecole d&#039;\u00e9t\u00e9 - Girgea<\/title>\n<meta name=\"robots\" content=\"index, follow, max-snippet:-1, max-image-preview:large, max-video-preview:-1\" \/>\n<link rel=\"canonical\" href=\"https:\/\/www.girgea.org\/en\/uncategorized\/ecole-dete\/\" \/>\n<meta property=\"og:locale\" content=\"en_US\" \/>\n<meta property=\"og:type\" content=\"article\" \/>\n<meta property=\"og:title\" content=\"Ecole d&#039;\u00e9t\u00e9 - Girgea\" \/>\n<meta property=\"og:description\" content=\"MAROC Depuis son inauguration en 2007, L&#8217;observatoire de l&#8217;Oukaimeden organise une \u00e9cole de printemps d&#8217;astrophysique chaque 2 ans. L\u2019\u00e9cole Internationale OISA&#8217;11 sera la troisi\u00e8me \u00e9dition et la premi\u00e8re \u00e9cole au Maroc \u00e0 aborder le th\u00e8me des exoplan\u00e8tes. Couvrant un vaste domaine, cette \u00e9cole sera l\u2019occasion pour les jeunes chercheurs et \u00e9tudiants marocains et \u00e9trangers de [&hellip;]\" \/>\n<meta property=\"og:url\" content=\"https:\/\/www.girgea.org\/en\/uncategorized\/ecole-dete\/\" \/>\n<meta property=\"og:site_name\" content=\"Girgea\" \/>\n<meta property=\"article:published_time\" content=\"2018-06-21T12:38:11+00:00\" \/>\n<meta property=\"article:modified_time\" content=\"2022-12-18T18:50:35+00:00\" \/>\n<meta name=\"author\" content=\"admin4632\" \/>\n<meta name=\"twitter:card\" content=\"summary_large_image\" \/>\n<meta name=\"twitter:label1\" content=\"Written by\" \/>\n\t<meta name=\"twitter:data1\" content=\"admin4632\" \/>\n\t<meta name=\"twitter:label2\" content=\"Est. reading time\" \/>\n\t<meta name=\"twitter:data2\" content=\"1 minute\" \/>\n<script type=\"application\/ld+json\" class=\"yoast-schema-graph\">{\"@context\":\"https:\/\/schema.org\",\"@graph\":[{\"@type\":\"Article\",\"@id\":\"https:\/\/www.girgea.org\/en\/uncategorized\/ecole-dete\/#article\",\"isPartOf\":{\"@id\":\"https:\/\/www.girgea.org\/en\/uncategorized\/ecole-dete\/\"},\"author\":{\"name\":\"admin4632\",\"@id\":\"https:\/\/www.girgea.org\/en\/#\/schema\/person\/ecd3d7f0d1ce14f55605169e427dbc2d\"},\"headline\":\"Ecole d&#8217;\u00e9t\u00e9\",\"datePublished\":\"2018-06-21T12:38:11+00:00\",\"dateModified\":\"2022-12-18T18:50:35+00:00\",\"mainEntityOfPage\":{\"@id\":\"https:\/\/www.girgea.org\/en\/uncategorized\/ecole-dete\/\"},\"wordCount\":148,\"inLanguage\":\"en-US\"},{\"@type\":\"WebPage\",\"@id\":\"https:\/\/www.girgea.org\/en\/uncategorized\/ecole-dete\/\",\"url\":\"https:\/\/www.girgea.org\/en\/uncategorized\/ecole-dete\/\",\"name\":\"Ecole d'\u00e9t\u00e9 - Girgea\",\"isPartOf\":{\"@id\":\"https:\/\/www.girgea.org\/en\/#website\"},\"datePublished\":\"2018-06-21T12:38:11+00:00\",\"dateModified\":\"2022-12-18T18:50:35+00:00\",\"author\":{\"@id\":\"https:\/\/www.girgea.org\/en\/#\/schema\/person\/ecd3d7f0d1ce14f55605169e427dbc2d\"},\"breadcrumb\":{\"@id\":\"https:\/\/www.girgea.org\/en\/uncategorized\/ecole-dete\/#breadcrumb\"},\"inLanguage\":\"en-US\",\"potentialAction\":[{\"@type\":\"ReadAction\",\"target\":[\"https:\/\/www.girgea.org\/en\/uncategorized\/ecole-dete\/\"]}]},{\"@type\":\"BreadcrumbList\",\"@id\":\"https:\/\/www.girgea.org\/en\/uncategorized\/ecole-dete\/#breadcrumb\",\"itemListElement\":[{\"@type\":\"ListItem\",\"position\":1,\"name\":\"Accueil\",\"item\":\"https:\/\/www.girgea.org\/en\/home\/\"},{\"@type\":\"ListItem\",\"position\":2,\"name\":\"Ecole d&rsquo;\u00e9t\u00e9\"}]},{\"@type\":\"WebSite\",\"@id\":\"https:\/\/www.girgea.org\/en\/#website\",\"url\":\"https:\/\/www.girgea.org\/en\/\",\"name\":\"Girgea\",\"description\":\"Groupe de Recherche en G\u00e9ophysique Europe Afrique Asie Am\u00e9rique\",\"potentialAction\":[{\"@type\":\"SearchAction\",\"target\":{\"@type\":\"EntryPoint\",\"urlTemplate\":\"https:\/\/www.girgea.org\/en\/?s={search_term_string}\"},\"query-input\":{\"@type\":\"PropertyValueSpecification\",\"valueRequired\":true,\"valueName\":\"search_term_string\"}}],\"inLanguage\":\"en-US\"},{\"@type\":\"Person\",\"@id\":\"https:\/\/www.girgea.org\/en\/#\/schema\/person\/ecd3d7f0d1ce14f55605169e427dbc2d\",\"name\":\"admin4632\",\"image\":{\"@type\":\"ImageObject\",\"inLanguage\":\"en-US\",\"@id\":\"https:\/\/www.girgea.org\/en\/#\/schema\/person\/image\/\",\"url\":\"https:\/\/secure.gravatar.com\/avatar\/1d1d586871b72cd68a33f670d541df955c2241e64a89f922b4cfdb2de870e005?s=96&d=mm&r=g\",\"contentUrl\":\"https:\/\/secure.gravatar.com\/avatar\/1d1d586871b72cd68a33f670d541df955c2241e64a89f922b4cfdb2de870e005?s=96&d=mm&r=g\",\"caption\":\"admin4632\"},\"url\":\"https:\/\/www.girgea.org\/en\/author\/admin4632\/\"}]}<\/script>\n<!-- \/ Yoast SEO plugin. -->","yoast_head_json":{"title":"Ecole d'\u00e9t\u00e9 - Girgea","robots":{"index":"index","follow":"follow","max-snippet":"max-snippet:-1","max-image-preview":"max-image-preview:large","max-video-preview":"max-video-preview:-1"},"canonical":"https:\/\/www.girgea.org\/en\/uncategorized\/ecole-dete\/","og_locale":"en_US","og_type":"article","og_title":"Ecole d'\u00e9t\u00e9 - Girgea","og_description":"MAROC Depuis son inauguration en 2007, L&#8217;observatoire de l&#8217;Oukaimeden organise une \u00e9cole de printemps d&#8217;astrophysique chaque 2 ans. L\u2019\u00e9cole Internationale OISA&#8217;11 sera la troisi\u00e8me \u00e9dition et la premi\u00e8re \u00e9cole au Maroc \u00e0 aborder le th\u00e8me des exoplan\u00e8tes. Couvrant un vaste domaine, cette \u00e9cole sera l\u2019occasion pour les jeunes chercheurs et \u00e9tudiants marocains et \u00e9trangers de [&hellip;]","og_url":"https:\/\/www.girgea.org\/en\/uncategorized\/ecole-dete\/","og_site_name":"Girgea","article_published_time":"2018-06-21T12:38:11+00:00","article_modified_time":"2022-12-18T18:50:35+00:00","author":"admin4632","twitter_card":"summary_large_image","twitter_misc":{"Written by":"admin4632","Est. reading time":"1 minute"},"schema":{"@context":"https:\/\/schema.org","@graph":[{"@type":"Article","@id":"https:\/\/www.girgea.org\/en\/uncategorized\/ecole-dete\/#article","isPartOf":{"@id":"https:\/\/www.girgea.org\/en\/uncategorized\/ecole-dete\/"},"author":{"name":"admin4632","@id":"https:\/\/www.girgea.org\/en\/#\/schema\/person\/ecd3d7f0d1ce14f55605169e427dbc2d"},"headline":"Ecole d&#8217;\u00e9t\u00e9","datePublished":"2018-06-21T12:38:11+00:00","dateModified":"2022-12-18T18:50:35+00:00","mainEntityOfPage":{"@id":"https:\/\/www.girgea.org\/en\/uncategorized\/ecole-dete\/"},"wordCount":148,"inLanguage":"en-US"},{"@type":"WebPage","@id":"https:\/\/www.girgea.org\/en\/uncategorized\/ecole-dete\/","url":"https:\/\/www.girgea.org\/en\/uncategorized\/ecole-dete\/","name":"Ecole d'\u00e9t\u00e9 - Girgea","isPartOf":{"@id":"https:\/\/www.girgea.org\/en\/#website"},"datePublished":"2018-06-21T12:38:11+00:00","dateModified":"2022-12-18T18:50:35+00:00","author":{"@id":"https:\/\/www.girgea.org\/en\/#\/schema\/person\/ecd3d7f0d1ce14f55605169e427dbc2d"},"breadcrumb":{"@id":"https:\/\/www.girgea.org\/en\/uncategorized\/ecole-dete\/#breadcrumb"},"inLanguage":"en-US","potentialAction":[{"@type":"ReadAction","target":["https:\/\/www.girgea.org\/en\/uncategorized\/ecole-dete\/"]}]},{"@type":"BreadcrumbList","@id":"https:\/\/www.girgea.org\/en\/uncategorized\/ecole-dete\/#breadcrumb","itemListElement":[{"@type":"ListItem","position":1,"name":"Accueil","item":"https:\/\/www.girgea.org\/en\/home\/"},{"@type":"ListItem","position":2,"name":"Ecole d&rsquo;\u00e9t\u00e9"}]},{"@type":"WebSite","@id":"https:\/\/www.girgea.org\/en\/#website","url":"https:\/\/www.girgea.org\/en\/","name":"Girgea","description":"Groupe de Recherche en G\u00e9ophysique Europe Afrique Asie Am\u00e9rique","potentialAction":[{"@type":"SearchAction","target":{"@type":"EntryPoint","urlTemplate":"https:\/\/www.girgea.org\/en\/?s={search_term_string}"},"query-input":{"@type":"PropertyValueSpecification","valueRequired":true,"valueName":"search_term_string"}}],"inLanguage":"en-US"},{"@type":"Person","@id":"https:\/\/www.girgea.org\/en\/#\/schema\/person\/ecd3d7f0d1ce14f55605169e427dbc2d","name":"admin4632","image":{"@type":"ImageObject","inLanguage":"en-US","@id":"https:\/\/www.girgea.org\/en\/#\/schema\/person\/image\/","url":"https:\/\/secure.gravatar.com\/avatar\/1d1d586871b72cd68a33f670d541df955c2241e64a89f922b4cfdb2de870e005?s=96&d=mm&r=g","contentUrl":"https:\/\/secure.gravatar.com\/avatar\/1d1d586871b72cd68a33f670d541df955c2241e64a89f922b4cfdb2de870e005?s=96&d=mm&r=g","caption":"admin4632"},"url":"https:\/\/www.girgea.org\/en\/author\/admin4632\/"}]}},"_links":{"self":[{"href":"https:\/\/www.girgea.org\/en\/wp-json\/wp\/v2\/posts\/907","targetHints":{"allow":["GET"]}}],"collection":[{"href":"https:\/\/www.girgea.org\/en\/wp-json\/wp\/v2\/posts"}],"about":[{"href":"https:\/\/www.girgea.org\/en\/wp-json\/wp\/v2\/types\/post"}],"author":[{"embeddable":true,"href":"https:\/\/www.girgea.org\/en\/wp-json\/wp\/v2\/users\/1"}],"replies":[{"embeddable":true,"href":"https:\/\/www.girgea.org\/en\/wp-json\/wp\/v2\/comments?post=907"}],"version-history":[{"count":1,"href":"https:\/\/www.girgea.org\/en\/wp-json\/wp\/v2\/posts\/907\/revisions"}],"predecessor-version":[{"id":11946,"href":"https:\/\/www.girgea.org\/en\/wp-json\/wp\/v2\/posts\/907\/revisions\/11946"}],"wp:attachment":[{"href":"https:\/\/www.girgea.org\/en\/wp-json\/wp\/v2\/media?parent=907"}],"wp:term":[{"taxonomy":"category","embeddable":true,"href":"https:\/\/www.girgea.org\/en\/wp-json\/wp\/v2\/categories?post=907"},{"taxonomy":"post_tag","embeddable":true,"href":"https:\/\/www.girgea.org\/en\/wp-json\/wp\/v2\/tags?post=907"}],"curies":[{"name":"wp","href":"https:\/\/api.w.org\/{rel}","templated":true}]}}