{"id":1004,"date":"2018-06-21T15:05:03","date_gmt":"2018-06-21T13:05:03","guid":{"rendered":"http:\/\/58efa4b3d9.nxcli.net\/uncategorized\/nigeria-mini-conference-sur-les-avancees-de-la-meteorologie-de-lespace-en-afrique\/"},"modified":"2022-12-18T19:49:02","modified_gmt":"2022-12-18T18:49:02","slug":"nigeria-mini-conference-sur-les-avancees-de-la-meteorologie-de-lespace-en-afrique","status":"publish","type":"post","link":"https:\/\/www.girgea.org\/en\/uncategorized\/nigeria-mini-conference-sur-les-avancees-de-la-meteorologie-de-lespace-en-afrique\/","title":{"rendered":"NIGERIA: Mini conf\u00e9rence sur les avanc\u00e9es de la m\u00e9t\u00e9orologie de l\u2019Espace en Afrique"},"content":{"rendered":"<p><strong>NIGERIA<\/strong><\/p>\n<p>Une mini conf\u00e9rence sur Space Weather advances in Africa s\u2019est d\u00e9roul\u00e9e \u00e0 l\u2019Universit\u00e9 Bells au Nigeria les 27 et 28 janvier.<\/p>\n<p>Cette mini conf\u00e9rence \u00e9tait organis\u00e9e par Prof. Babatunde Rabiu, coordinateur ISWI du Nigeria. Au cours de cette \u00e9cole Prof. Babatunde Rabiu et Dr Christine Amory-Mazaudier ont rencontr\u00e9 individuellement 18 \u00e9tudiants pour parler de leur avenir.<\/p>\n<p>Des contacts seront pris avec des chercheurs \u00e9trangers aux \u00c9tats Unis, en Italie et au Japon pour s\u2019investir dans l\u2019encadrement d\u2019\u00e9tudiants du Nigeria.<\/p>\n","protected":false},"excerpt":{"rendered":"<p>NIGERIA Une mini conf\u00e9rence sur Space Weather advances in Africa s\u2019est d\u00e9roul\u00e9e \u00e0 l\u2019Universit\u00e9 Bells au Nigeria les 27 et 28 janvier. Cette mini conf\u00e9rence \u00e9tait organis\u00e9e par Prof. Babatunde Rabiu, coordinateur ISWI du Nigeria. Au cours de cette \u00e9cole Prof. Babatunde Rabiu et Dr Christine Amory-Mazaudier ont rencontr\u00e9 individuellement 18 \u00e9tudiants pour parler de [&hellip;]<\/p>\n","protected":false},"author":1,"featured_media":0,"comment_status":"closed","ping_status":"closed","sticky":false,"template":"","format":"standard","meta":{"_acf_changed":false,"site-sidebar-layout":"default","site-content-layout":"","ast-site-content-layout":"default","site-content-style":"default","site-sidebar-style":"default","ast-global-header-display":"","ast-banner-title-visibility":"","ast-main-header-display":"","ast-hfb-above-header-display":"","ast-hfb-below-header-display":"","ast-hfb-mobile-header-display":"","site-post-title":"","ast-breadcrumbs-content":"","ast-featured-img":"","footer-sml-layout":"","ast-disable-related-posts":"","theme-transparent-header-meta":"","adv-header-id-meta":"","stick-header-meta":"","header-above-stick-meta":"","header-main-stick-meta":"","header-below-stick-meta":"","astra-migrate-meta-layouts":"default","ast-page-background-enabled":"default","ast-page-background-meta":{"desktop":{"background-color":"var(--ast-global-color-4)","background-image":"","background-repeat":"repeat","background-position":"center center","background-size":"auto","background-attachment":"scroll","background-type":"","background-media":"","overlay-type":"","overlay-color":"","overlay-opacity":"","overlay-gradient":""},"tablet":{"background-color":"","background-image":"","background-repeat":"repeat","background-position":"center center","background-size":"auto","background-attachment":"scroll","background-type":"","background-media":"","overlay-type":"","overlay-color":"","overlay-opacity":"","overlay-gradient":""},"mobile":{"background-color":"","background-image":"","background-repeat":"repeat","background-position":"center center","background-size":"auto","background-attachment":"scroll","background-type":"","background-media":"","overlay-type":"","overlay-color":"","overlay-opacity":"","overlay-gradient":""}},"ast-content-background-meta":{"desktop":{"background-color":"var(--ast-global-color-5)","background-image":"","background-repeat":"repeat","background-position":"center center","background-size":"auto","background-attachment":"scroll","background-type":"","background-media":"","overlay-type":"","overlay-color":"","overlay-opacity":"","overlay-gradient":""},"tablet":{"background-color":"var(--ast-global-color-5)","background-image":"","background-repeat":"repeat","background-position":"center center","background-size":"auto","background-attachment":"scroll","background-type":"","background-media":"","overlay-type":"","overlay-color":"","overlay-opacity":"","overlay-gradient":""},"mobile":{"background-color":"var(--ast-global-color-5)","background-image":"","background-repeat":"repeat","background-position":"center center","background-size":"auto","background-attachment":"scroll","background-type":"","background-media":"","overlay-type":"","overlay-color":"","overlay-opacity":"","overlay-gradient":""}},"footnotes":""},"categories":[12],"tags":[],"class_list":["post-1004","post","type-post","status-publish","format-standard","hentry","category-uncategorized"],"acf":[],"yoast_head":"<!-- This site is optimized with the Yoast SEO plugin v27.0 - https:\/\/yoast.com\/product\/yoast-seo-wordpress\/ -->\n<title>NIGERIA: Mini conf\u00e9rence sur les avanc\u00e9es de la m\u00e9t\u00e9orologie de l\u2019Espace en Afrique - Girgea<\/title>\n<meta name=\"robots\" content=\"index, follow, max-snippet:-1, max-image-preview:large, max-video-preview:-1\" \/>\n<link rel=\"canonical\" href=\"https:\/\/www.girgea.org\/en\/uncategorized\/nigeria-mini-conference-sur-les-avancees-de-la-meteorologie-de-lespace-en-afrique\/\" \/>\n<meta property=\"og:locale\" content=\"en_US\" \/>\n<meta property=\"og:type\" content=\"article\" \/>\n<meta property=\"og:title\" content=\"NIGERIA: Mini conf\u00e9rence sur les avanc\u00e9es de la m\u00e9t\u00e9orologie de l\u2019Espace en Afrique - Girgea\" \/>\n<meta property=\"og:description\" content=\"NIGERIA Une mini conf\u00e9rence sur Space Weather advances in Africa s\u2019est d\u00e9roul\u00e9e \u00e0 l\u2019Universit\u00e9 Bells au Nigeria les 27 et 28 janvier. Cette mini conf\u00e9rence \u00e9tait organis\u00e9e par Prof. Babatunde Rabiu, coordinateur ISWI du Nigeria. Au cours de cette \u00e9cole Prof. Babatunde Rabiu et Dr Christine Amory-Mazaudier ont rencontr\u00e9 individuellement 18 \u00e9tudiants pour parler de [&hellip;]\" \/>\n<meta property=\"og:url\" content=\"https:\/\/www.girgea.org\/en\/uncategorized\/nigeria-mini-conference-sur-les-avancees-de-la-meteorologie-de-lespace-en-afrique\/\" \/>\n<meta property=\"og:site_name\" content=\"Girgea\" \/>\n<meta property=\"article:published_time\" content=\"2018-06-21T13:05:03+00:00\" \/>\n<meta property=\"article:modified_time\" content=\"2022-12-18T18:49:02+00:00\" \/>\n<meta name=\"author\" content=\"admin4632\" \/>\n<meta name=\"twitter:card\" content=\"summary_large_image\" \/>\n<meta name=\"twitter:label1\" content=\"Written by\" \/>\n\t<meta name=\"twitter:data1\" content=\"admin4632\" \/>\n<script type=\"application\/ld+json\" class=\"yoast-schema-graph\">{\"@context\":\"https:\/\/schema.org\",\"@graph\":[{\"@type\":\"Article\",\"@id\":\"https:\/\/www.girgea.org\/en\/uncategorized\/nigeria-mini-conference-sur-les-avancees-de-la-meteorologie-de-lespace-en-afrique\/#article\",\"isPartOf\":{\"@id\":\"https:\/\/www.girgea.org\/en\/uncategorized\/nigeria-mini-conference-sur-les-avancees-de-la-meteorologie-de-lespace-en-afrique\/\"},\"author\":{\"name\":\"admin4632\",\"@id\":\"https:\/\/www.girgea.org\/en\/#\/schema\/person\/ecd3d7f0d1ce14f55605169e427dbc2d\"},\"headline\":\"NIGERIA: Mini conf\u00e9rence sur les avanc\u00e9es de la m\u00e9t\u00e9orologie de l\u2019Espace en Afrique\",\"datePublished\":\"2018-06-21T13:05:03+00:00\",\"dateModified\":\"2022-12-18T18:49:02+00:00\",\"mainEntityOfPage\":{\"@id\":\"https:\/\/www.girgea.org\/en\/uncategorized\/nigeria-mini-conference-sur-les-avancees-de-la-meteorologie-de-lespace-en-afrique\/\"},\"wordCount\":104,\"inLanguage\":\"en-US\"},{\"@type\":\"WebPage\",\"@id\":\"https:\/\/www.girgea.org\/en\/uncategorized\/nigeria-mini-conference-sur-les-avancees-de-la-meteorologie-de-lespace-en-afrique\/\",\"url\":\"https:\/\/www.girgea.org\/en\/uncategorized\/nigeria-mini-conference-sur-les-avancees-de-la-meteorologie-de-lespace-en-afrique\/\",\"name\":\"NIGERIA: Mini conf\u00e9rence sur les avanc\u00e9es de la m\u00e9t\u00e9orologie de l\u2019Espace en Afrique - Girgea\",\"isPartOf\":{\"@id\":\"https:\/\/www.girgea.org\/en\/#website\"},\"datePublished\":\"2018-06-21T13:05:03+00:00\",\"dateModified\":\"2022-12-18T18:49:02+00:00\",\"author\":{\"@id\":\"https:\/\/www.girgea.org\/en\/#\/schema\/person\/ecd3d7f0d1ce14f55605169e427dbc2d\"},\"breadcrumb\":{\"@id\":\"https:\/\/www.girgea.org\/en\/uncategorized\/nigeria-mini-conference-sur-les-avancees-de-la-meteorologie-de-lespace-en-afrique\/#breadcrumb\"},\"inLanguage\":\"en-US\",\"potentialAction\":[{\"@type\":\"ReadAction\",\"target\":[\"https:\/\/www.girgea.org\/en\/uncategorized\/nigeria-mini-conference-sur-les-avancees-de-la-meteorologie-de-lespace-en-afrique\/\"]}]},{\"@type\":\"BreadcrumbList\",\"@id\":\"https:\/\/www.girgea.org\/en\/uncategorized\/nigeria-mini-conference-sur-les-avancees-de-la-meteorologie-de-lespace-en-afrique\/#breadcrumb\",\"itemListElement\":[{\"@type\":\"ListItem\",\"position\":1,\"name\":\"Accueil\",\"item\":\"https:\/\/www.girgea.org\/en\/home\/\"},{\"@type\":\"ListItem\",\"position\":2,\"name\":\"NIGERIA: Mini conf\u00e9rence sur les avanc\u00e9es de la m\u00e9t\u00e9orologie de l\u2019Espace en Afrique\"}]},{\"@type\":\"WebSite\",\"@id\":\"https:\/\/www.girgea.org\/en\/#website\",\"url\":\"https:\/\/www.girgea.org\/en\/\",\"name\":\"Girgea\",\"description\":\"Groupe de Recherche en G\u00e9ophysique Europe Afrique Asie Am\u00e9rique\",\"potentialAction\":[{\"@type\":\"SearchAction\",\"target\":{\"@type\":\"EntryPoint\",\"urlTemplate\":\"https:\/\/www.girgea.org\/en\/?s={search_term_string}\"},\"query-input\":{\"@type\":\"PropertyValueSpecification\",\"valueRequired\":true,\"valueName\":\"search_term_string\"}}],\"inLanguage\":\"en-US\"},{\"@type\":\"Person\",\"@id\":\"https:\/\/www.girgea.org\/en\/#\/schema\/person\/ecd3d7f0d1ce14f55605169e427dbc2d\",\"name\":\"admin4632\",\"image\":{\"@type\":\"ImageObject\",\"inLanguage\":\"en-US\",\"@id\":\"https:\/\/www.girgea.org\/en\/#\/schema\/person\/image\/\",\"url\":\"https:\/\/secure.gravatar.com\/avatar\/1d1d586871b72cd68a33f670d541df955c2241e64a89f922b4cfdb2de870e005?s=96&d=mm&r=g\",\"contentUrl\":\"https:\/\/secure.gravatar.com\/avatar\/1d1d586871b72cd68a33f670d541df955c2241e64a89f922b4cfdb2de870e005?s=96&d=mm&r=g\",\"caption\":\"admin4632\"},\"url\":\"https:\/\/www.girgea.org\/en\/author\/admin4632\/\"}]}<\/script>\n<!-- \/ Yoast SEO plugin. -->","yoast_head_json":{"title":"NIGERIA: Mini conf\u00e9rence sur les avanc\u00e9es de la m\u00e9t\u00e9orologie de l\u2019Espace en Afrique - Girgea","robots":{"index":"index","follow":"follow","max-snippet":"max-snippet:-1","max-image-preview":"max-image-preview:large","max-video-preview":"max-video-preview:-1"},"canonical":"https:\/\/www.girgea.org\/en\/uncategorized\/nigeria-mini-conference-sur-les-avancees-de-la-meteorologie-de-lespace-en-afrique\/","og_locale":"en_US","og_type":"article","og_title":"NIGERIA: Mini conf\u00e9rence sur les avanc\u00e9es de la m\u00e9t\u00e9orologie de l\u2019Espace en Afrique - Girgea","og_description":"NIGERIA Une mini conf\u00e9rence sur Space Weather advances in Africa s\u2019est d\u00e9roul\u00e9e \u00e0 l\u2019Universit\u00e9 Bells au Nigeria les 27 et 28 janvier. Cette mini conf\u00e9rence \u00e9tait organis\u00e9e par Prof. Babatunde Rabiu, coordinateur ISWI du Nigeria. Au cours de cette \u00e9cole Prof. Babatunde Rabiu et Dr Christine Amory-Mazaudier ont rencontr\u00e9 individuellement 18 \u00e9tudiants pour parler de [&hellip;]","og_url":"https:\/\/www.girgea.org\/en\/uncategorized\/nigeria-mini-conference-sur-les-avancees-de-la-meteorologie-de-lespace-en-afrique\/","og_site_name":"Girgea","article_published_time":"2018-06-21T13:05:03+00:00","article_modified_time":"2022-12-18T18:49:02+00:00","author":"admin4632","twitter_card":"summary_large_image","twitter_misc":{"Written by":"admin4632"},"schema":{"@context":"https:\/\/schema.org","@graph":[{"@type":"Article","@id":"https:\/\/www.girgea.org\/en\/uncategorized\/nigeria-mini-conference-sur-les-avancees-de-la-meteorologie-de-lespace-en-afrique\/#article","isPartOf":{"@id":"https:\/\/www.girgea.org\/en\/uncategorized\/nigeria-mini-conference-sur-les-avancees-de-la-meteorologie-de-lespace-en-afrique\/"},"author":{"name":"admin4632","@id":"https:\/\/www.girgea.org\/en\/#\/schema\/person\/ecd3d7f0d1ce14f55605169e427dbc2d"},"headline":"NIGERIA: Mini conf\u00e9rence sur les avanc\u00e9es de la m\u00e9t\u00e9orologie de l\u2019Espace en Afrique","datePublished":"2018-06-21T13:05:03+00:00","dateModified":"2022-12-18T18:49:02+00:00","mainEntityOfPage":{"@id":"https:\/\/www.girgea.org\/en\/uncategorized\/nigeria-mini-conference-sur-les-avancees-de-la-meteorologie-de-lespace-en-afrique\/"},"wordCount":104,"inLanguage":"en-US"},{"@type":"WebPage","@id":"https:\/\/www.girgea.org\/en\/uncategorized\/nigeria-mini-conference-sur-les-avancees-de-la-meteorologie-de-lespace-en-afrique\/","url":"https:\/\/www.girgea.org\/en\/uncategorized\/nigeria-mini-conference-sur-les-avancees-de-la-meteorologie-de-lespace-en-afrique\/","name":"NIGERIA: Mini conf\u00e9rence sur les avanc\u00e9es de la m\u00e9t\u00e9orologie de l\u2019Espace en Afrique - Girgea","isPartOf":{"@id":"https:\/\/www.girgea.org\/en\/#website"},"datePublished":"2018-06-21T13:05:03+00:00","dateModified":"2022-12-18T18:49:02+00:00","author":{"@id":"https:\/\/www.girgea.org\/en\/#\/schema\/person\/ecd3d7f0d1ce14f55605169e427dbc2d"},"breadcrumb":{"@id":"https:\/\/www.girgea.org\/en\/uncategorized\/nigeria-mini-conference-sur-les-avancees-de-la-meteorologie-de-lespace-en-afrique\/#breadcrumb"},"inLanguage":"en-US","potentialAction":[{"@type":"ReadAction","target":["https:\/\/www.girgea.org\/en\/uncategorized\/nigeria-mini-conference-sur-les-avancees-de-la-meteorologie-de-lespace-en-afrique\/"]}]},{"@type":"BreadcrumbList","@id":"https:\/\/www.girgea.org\/en\/uncategorized\/nigeria-mini-conference-sur-les-avancees-de-la-meteorologie-de-lespace-en-afrique\/#breadcrumb","itemListElement":[{"@type":"ListItem","position":1,"name":"Accueil","item":"https:\/\/www.girgea.org\/en\/home\/"},{"@type":"ListItem","position":2,"name":"NIGERIA: Mini conf\u00e9rence sur les avanc\u00e9es de la m\u00e9t\u00e9orologie de l\u2019Espace en Afrique"}]},{"@type":"WebSite","@id":"https:\/\/www.girgea.org\/en\/#website","url":"https:\/\/www.girgea.org\/en\/","name":"Girgea","description":"Groupe de Recherche en G\u00e9ophysique Europe Afrique Asie Am\u00e9rique","potentialAction":[{"@type":"SearchAction","target":{"@type":"EntryPoint","urlTemplate":"https:\/\/www.girgea.org\/en\/?s={search_term_string}"},"query-input":{"@type":"PropertyValueSpecification","valueRequired":true,"valueName":"search_term_string"}}],"inLanguage":"en-US"},{"@type":"Person","@id":"https:\/\/www.girgea.org\/en\/#\/schema\/person\/ecd3d7f0d1ce14f55605169e427dbc2d","name":"admin4632","image":{"@type":"ImageObject","inLanguage":"en-US","@id":"https:\/\/www.girgea.org\/en\/#\/schema\/person\/image\/","url":"https:\/\/secure.gravatar.com\/avatar\/1d1d586871b72cd68a33f670d541df955c2241e64a89f922b4cfdb2de870e005?s=96&d=mm&r=g","contentUrl":"https:\/\/secure.gravatar.com\/avatar\/1d1d586871b72cd68a33f670d541df955c2241e64a89f922b4cfdb2de870e005?s=96&d=mm&r=g","caption":"admin4632"},"url":"https:\/\/www.girgea.org\/en\/author\/admin4632\/"}]}},"_links":{"self":[{"href":"https:\/\/www.girgea.org\/en\/wp-json\/wp\/v2\/posts\/1004","targetHints":{"allow":["GET"]}}],"collection":[{"href":"https:\/\/www.girgea.org\/en\/wp-json\/wp\/v2\/posts"}],"about":[{"href":"https:\/\/www.girgea.org\/en\/wp-json\/wp\/v2\/types\/post"}],"author":[{"embeddable":true,"href":"https:\/\/www.girgea.org\/en\/wp-json\/wp\/v2\/users\/1"}],"replies":[{"embeddable":true,"href":"https:\/\/www.girgea.org\/en\/wp-json\/wp\/v2\/comments?post=1004"}],"version-history":[{"count":1,"href":"https:\/\/www.girgea.org\/en\/wp-json\/wp\/v2\/posts\/1004\/revisions"}],"predecessor-version":[{"id":11929,"href":"https:\/\/www.girgea.org\/en\/wp-json\/wp\/v2\/posts\/1004\/revisions\/11929"}],"wp:attachment":[{"href":"https:\/\/www.girgea.org\/en\/wp-json\/wp\/v2\/media?parent=1004"}],"wp:term":[{"taxonomy":"category","embeddable":true,"href":"https:\/\/www.girgea.org\/en\/wp-json\/wp\/v2\/categories?post=1004"},{"taxonomy":"post_tag","embeddable":true,"href":"https:\/\/www.girgea.org\/en\/wp-json\/wp\/v2\/tags?post=1004"}],"curies":[{"name":"wp","href":"https:\/\/api.w.org\/{rel}","templated":true}]}}