{"id":1000,"date":"2018-06-21T15:06:28","date_gmt":"2018-06-21T13:06:28","guid":{"rendered":"http:\/\/58efa4b3d9.nxcli.net\/uncategorized\/ecole-de-meteorologie-de-lespace-en-algerie-du-6-au-16-mai-2013\/"},"modified":"2022-12-18T19:48:51","modified_gmt":"2022-12-18T18:48:51","slug":"ecole-de-meteorologie-de-lespace-en-algerie-du-6-au-16-mai-2013","status":"publish","type":"post","link":"https:\/\/www.girgea.org\/en\/uncategorized\/ecole-de-meteorologie-de-lespace-en-algerie-du-6-au-16-mai-2013\/","title":{"rendered":"Ecole de M\u00e9t\u00e9orologie de l&#8217;Espace en Alg\u00e9rie du 6 au 16 mai 2013"},"content":{"rendered":"<p><strong>Alg\u00e9rie<\/strong><br \/>\nUne \u00e9cole de m\u00e9t\u00e9orologie de l&#8217;Espace aura lieu en Alg\u00e9rie du 6 au 16 mai 2013. Tous ceux qui d\u00e9sirent participer \u00e0 cet \u00e9cole sont pri\u00e9s de le faire savoir en envoyant un mail \u00e0 Christine \u00e0 cet effet. Nous esp\u00e9rons vous voir tr\u00e8s prochainement en Alg\u00e9rie.<\/p>\n","protected":false},"excerpt":{"rendered":"<p>Alg\u00e9rie Une \u00e9cole de m\u00e9t\u00e9orologie de l&#8217;Espace aura lieu en Alg\u00e9rie du 6 au 16 mai 2013. Tous ceux qui d\u00e9sirent participer \u00e0 cet \u00e9cole sont pri\u00e9s de le faire savoir en envoyant un mail \u00e0 Christine \u00e0 cet effet. Nous esp\u00e9rons vous voir tr\u00e8s prochainement en Alg\u00e9rie.<\/p>\n","protected":false},"author":1,"featured_media":0,"comment_status":"closed","ping_status":"closed","sticky":false,"template":"","format":"standard","meta":{"_acf_changed":false,"site-sidebar-layout":"default","site-content-layout":"","ast-site-content-layout":"default","site-content-style":"default","site-sidebar-style":"default","ast-global-header-display":"","ast-banner-title-visibility":"","ast-main-header-display":"","ast-hfb-above-header-display":"","ast-hfb-below-header-display":"","ast-hfb-mobile-header-display":"","site-post-title":"","ast-breadcrumbs-content":"","ast-featured-img":"","footer-sml-layout":"","ast-disable-related-posts":"","theme-transparent-header-meta":"","adv-header-id-meta":"","stick-header-meta":"","header-above-stick-meta":"","header-main-stick-meta":"","header-below-stick-meta":"","astra-migrate-meta-layouts":"default","ast-page-background-enabled":"default","ast-page-background-meta":{"desktop":{"background-color":"var(--ast-global-color-4)","background-image":"","background-repeat":"repeat","background-position":"center center","background-size":"auto","background-attachment":"scroll","background-type":"","background-media":"","overlay-type":"","overlay-color":"","overlay-opacity":"","overlay-gradient":""},"tablet":{"background-color":"","background-image":"","background-repeat":"repeat","background-position":"center center","background-size":"auto","background-attachment":"scroll","background-type":"","background-media":"","overlay-type":"","overlay-color":"","overlay-opacity":"","overlay-gradient":""},"mobile":{"background-color":"","background-image":"","background-repeat":"repeat","background-position":"center center","background-size":"auto","background-attachment":"scroll","background-type":"","background-media":"","overlay-type":"","overlay-color":"","overlay-opacity":"","overlay-gradient":""}},"ast-content-background-meta":{"desktop":{"background-color":"var(--ast-global-color-5)","background-image":"","background-repeat":"repeat","background-position":"center center","background-size":"auto","background-attachment":"scroll","background-type":"","background-media":"","overlay-type":"","overlay-color":"","overlay-opacity":"","overlay-gradient":""},"tablet":{"background-color":"var(--ast-global-color-5)","background-image":"","background-repeat":"repeat","background-position":"center center","background-size":"auto","background-attachment":"scroll","background-type":"","background-media":"","overlay-type":"","overlay-color":"","overlay-opacity":"","overlay-gradient":""},"mobile":{"background-color":"var(--ast-global-color-5)","background-image":"","background-repeat":"repeat","background-position":"center center","background-size":"auto","background-attachment":"scroll","background-type":"","background-media":"","overlay-type":"","overlay-color":"","overlay-opacity":"","overlay-gradient":""}},"footnotes":""},"categories":[12],"tags":[],"class_list":["post-1000","post","type-post","status-publish","format-standard","hentry","category-uncategorized"],"acf":[],"yoast_head":"<!-- This site is optimized with the Yoast SEO plugin v27.0 - https:\/\/yoast.com\/product\/yoast-seo-wordpress\/ -->\n<title>Ecole de M\u00e9t\u00e9orologie de l&#039;Espace en Alg\u00e9rie du 6 au 16 mai 2013 - Girgea<\/title>\n<meta name=\"robots\" content=\"index, follow, max-snippet:-1, max-image-preview:large, max-video-preview:-1\" \/>\n<link rel=\"canonical\" href=\"https:\/\/www.girgea.org\/en\/uncategorized\/ecole-de-meteorologie-de-lespace-en-algerie-du-6-au-16-mai-2013\/\" \/>\n<meta property=\"og:locale\" content=\"en_US\" \/>\n<meta property=\"og:type\" content=\"article\" \/>\n<meta property=\"og:title\" content=\"Ecole de M\u00e9t\u00e9orologie de l&#039;Espace en Alg\u00e9rie du 6 au 16 mai 2013 - Girgea\" \/>\n<meta property=\"og:description\" content=\"Alg\u00e9rie Une \u00e9cole de m\u00e9t\u00e9orologie de l&#8217;Espace aura lieu en Alg\u00e9rie du 6 au 16 mai 2013. Tous ceux qui d\u00e9sirent participer \u00e0 cet \u00e9cole sont pri\u00e9s de le faire savoir en envoyant un mail \u00e0 Christine \u00e0 cet effet. Nous esp\u00e9rons vous voir tr\u00e8s prochainement en Alg\u00e9rie.\" \/>\n<meta property=\"og:url\" content=\"https:\/\/www.girgea.org\/en\/uncategorized\/ecole-de-meteorologie-de-lespace-en-algerie-du-6-au-16-mai-2013\/\" \/>\n<meta property=\"og:site_name\" content=\"Girgea\" \/>\n<meta property=\"article:published_time\" content=\"2018-06-21T13:06:28+00:00\" \/>\n<meta property=\"article:modified_time\" content=\"2022-12-18T18:48:51+00:00\" \/>\n<meta name=\"author\" content=\"admin4632\" \/>\n<meta name=\"twitter:card\" content=\"summary_large_image\" \/>\n<meta name=\"twitter:label1\" content=\"Written by\" \/>\n\t<meta name=\"twitter:data1\" content=\"admin4632\" \/>\n<script type=\"application\/ld+json\" class=\"yoast-schema-graph\">{\"@context\":\"https:\/\/schema.org\",\"@graph\":[{\"@type\":\"Article\",\"@id\":\"https:\/\/www.girgea.org\/en\/uncategorized\/ecole-de-meteorologie-de-lespace-en-algerie-du-6-au-16-mai-2013\/#article\",\"isPartOf\":{\"@id\":\"https:\/\/www.girgea.org\/en\/uncategorized\/ecole-de-meteorologie-de-lespace-en-algerie-du-6-au-16-mai-2013\/\"},\"author\":{\"name\":\"admin4632\",\"@id\":\"https:\/\/www.girgea.org\/en\/#\/schema\/person\/ecd3d7f0d1ce14f55605169e427dbc2d\"},\"headline\":\"Ecole de M\u00e9t\u00e9orologie de l&#8217;Espace en Alg\u00e9rie du 6 au 16 mai 2013\",\"datePublished\":\"2018-06-21T13:06:28+00:00\",\"dateModified\":\"2022-12-18T18:48:51+00:00\",\"mainEntityOfPage\":{\"@id\":\"https:\/\/www.girgea.org\/en\/uncategorized\/ecole-de-meteorologie-de-lespace-en-algerie-du-6-au-16-mai-2013\/\"},\"wordCount\":66,\"inLanguage\":\"en-US\"},{\"@type\":\"WebPage\",\"@id\":\"https:\/\/www.girgea.org\/en\/uncategorized\/ecole-de-meteorologie-de-lespace-en-algerie-du-6-au-16-mai-2013\/\",\"url\":\"https:\/\/www.girgea.org\/en\/uncategorized\/ecole-de-meteorologie-de-lespace-en-algerie-du-6-au-16-mai-2013\/\",\"name\":\"Ecole de M\u00e9t\u00e9orologie de l'Espace en Alg\u00e9rie du 6 au 16 mai 2013 - Girgea\",\"isPartOf\":{\"@id\":\"https:\/\/www.girgea.org\/en\/#website\"},\"datePublished\":\"2018-06-21T13:06:28+00:00\",\"dateModified\":\"2022-12-18T18:48:51+00:00\",\"author\":{\"@id\":\"https:\/\/www.girgea.org\/en\/#\/schema\/person\/ecd3d7f0d1ce14f55605169e427dbc2d\"},\"breadcrumb\":{\"@id\":\"https:\/\/www.girgea.org\/en\/uncategorized\/ecole-de-meteorologie-de-lespace-en-algerie-du-6-au-16-mai-2013\/#breadcrumb\"},\"inLanguage\":\"en-US\",\"potentialAction\":[{\"@type\":\"ReadAction\",\"target\":[\"https:\/\/www.girgea.org\/en\/uncategorized\/ecole-de-meteorologie-de-lespace-en-algerie-du-6-au-16-mai-2013\/\"]}]},{\"@type\":\"BreadcrumbList\",\"@id\":\"https:\/\/www.girgea.org\/en\/uncategorized\/ecole-de-meteorologie-de-lespace-en-algerie-du-6-au-16-mai-2013\/#breadcrumb\",\"itemListElement\":[{\"@type\":\"ListItem\",\"position\":1,\"name\":\"Accueil\",\"item\":\"https:\/\/www.girgea.org\/en\/home\/\"},{\"@type\":\"ListItem\",\"position\":2,\"name\":\"Ecole de M\u00e9t\u00e9orologie de l&rsquo;Espace en Alg\u00e9rie du 6 au 16 mai 2013\"}]},{\"@type\":\"WebSite\",\"@id\":\"https:\/\/www.girgea.org\/en\/#website\",\"url\":\"https:\/\/www.girgea.org\/en\/\",\"name\":\"Girgea\",\"description\":\"Groupe de Recherche en G\u00e9ophysique Europe Afrique Asie Am\u00e9rique\",\"potentialAction\":[{\"@type\":\"SearchAction\",\"target\":{\"@type\":\"EntryPoint\",\"urlTemplate\":\"https:\/\/www.girgea.org\/en\/?s={search_term_string}\"},\"query-input\":{\"@type\":\"PropertyValueSpecification\",\"valueRequired\":true,\"valueName\":\"search_term_string\"}}],\"inLanguage\":\"en-US\"},{\"@type\":\"Person\",\"@id\":\"https:\/\/www.girgea.org\/en\/#\/schema\/person\/ecd3d7f0d1ce14f55605169e427dbc2d\",\"name\":\"admin4632\",\"image\":{\"@type\":\"ImageObject\",\"inLanguage\":\"en-US\",\"@id\":\"https:\/\/www.girgea.org\/en\/#\/schema\/person\/image\/\",\"url\":\"https:\/\/secure.gravatar.com\/avatar\/1d1d586871b72cd68a33f670d541df955c2241e64a89f922b4cfdb2de870e005?s=96&d=mm&r=g\",\"contentUrl\":\"https:\/\/secure.gravatar.com\/avatar\/1d1d586871b72cd68a33f670d541df955c2241e64a89f922b4cfdb2de870e005?s=96&d=mm&r=g\",\"caption\":\"admin4632\"},\"url\":\"https:\/\/www.girgea.org\/en\/author\/admin4632\/\"}]}<\/script>\n<!-- \/ Yoast SEO plugin. -->","yoast_head_json":{"title":"Ecole de M\u00e9t\u00e9orologie de l'Espace en Alg\u00e9rie du 6 au 16 mai 2013 - Girgea","robots":{"index":"index","follow":"follow","max-snippet":"max-snippet:-1","max-image-preview":"max-image-preview:large","max-video-preview":"max-video-preview:-1"},"canonical":"https:\/\/www.girgea.org\/en\/uncategorized\/ecole-de-meteorologie-de-lespace-en-algerie-du-6-au-16-mai-2013\/","og_locale":"en_US","og_type":"article","og_title":"Ecole de M\u00e9t\u00e9orologie de l'Espace en Alg\u00e9rie du 6 au 16 mai 2013 - Girgea","og_description":"Alg\u00e9rie Une \u00e9cole de m\u00e9t\u00e9orologie de l&#8217;Espace aura lieu en Alg\u00e9rie du 6 au 16 mai 2013. Tous ceux qui d\u00e9sirent participer \u00e0 cet \u00e9cole sont pri\u00e9s de le faire savoir en envoyant un mail \u00e0 Christine \u00e0 cet effet. Nous esp\u00e9rons vous voir tr\u00e8s prochainement en Alg\u00e9rie.","og_url":"https:\/\/www.girgea.org\/en\/uncategorized\/ecole-de-meteorologie-de-lespace-en-algerie-du-6-au-16-mai-2013\/","og_site_name":"Girgea","article_published_time":"2018-06-21T13:06:28+00:00","article_modified_time":"2022-12-18T18:48:51+00:00","author":"admin4632","twitter_card":"summary_large_image","twitter_misc":{"Written by":"admin4632"},"schema":{"@context":"https:\/\/schema.org","@graph":[{"@type":"Article","@id":"https:\/\/www.girgea.org\/en\/uncategorized\/ecole-de-meteorologie-de-lespace-en-algerie-du-6-au-16-mai-2013\/#article","isPartOf":{"@id":"https:\/\/www.girgea.org\/en\/uncategorized\/ecole-de-meteorologie-de-lespace-en-algerie-du-6-au-16-mai-2013\/"},"author":{"name":"admin4632","@id":"https:\/\/www.girgea.org\/en\/#\/schema\/person\/ecd3d7f0d1ce14f55605169e427dbc2d"},"headline":"Ecole de M\u00e9t\u00e9orologie de l&#8217;Espace en Alg\u00e9rie du 6 au 16 mai 2013","datePublished":"2018-06-21T13:06:28+00:00","dateModified":"2022-12-18T18:48:51+00:00","mainEntityOfPage":{"@id":"https:\/\/www.girgea.org\/en\/uncategorized\/ecole-de-meteorologie-de-lespace-en-algerie-du-6-au-16-mai-2013\/"},"wordCount":66,"inLanguage":"en-US"},{"@type":"WebPage","@id":"https:\/\/www.girgea.org\/en\/uncategorized\/ecole-de-meteorologie-de-lespace-en-algerie-du-6-au-16-mai-2013\/","url":"https:\/\/www.girgea.org\/en\/uncategorized\/ecole-de-meteorologie-de-lespace-en-algerie-du-6-au-16-mai-2013\/","name":"Ecole de M\u00e9t\u00e9orologie de l'Espace en Alg\u00e9rie du 6 au 16 mai 2013 - Girgea","isPartOf":{"@id":"https:\/\/www.girgea.org\/en\/#website"},"datePublished":"2018-06-21T13:06:28+00:00","dateModified":"2022-12-18T18:48:51+00:00","author":{"@id":"https:\/\/www.girgea.org\/en\/#\/schema\/person\/ecd3d7f0d1ce14f55605169e427dbc2d"},"breadcrumb":{"@id":"https:\/\/www.girgea.org\/en\/uncategorized\/ecole-de-meteorologie-de-lespace-en-algerie-du-6-au-16-mai-2013\/#breadcrumb"},"inLanguage":"en-US","potentialAction":[{"@type":"ReadAction","target":["https:\/\/www.girgea.org\/en\/uncategorized\/ecole-de-meteorologie-de-lespace-en-algerie-du-6-au-16-mai-2013\/"]}]},{"@type":"BreadcrumbList","@id":"https:\/\/www.girgea.org\/en\/uncategorized\/ecole-de-meteorologie-de-lespace-en-algerie-du-6-au-16-mai-2013\/#breadcrumb","itemListElement":[{"@type":"ListItem","position":1,"name":"Accueil","item":"https:\/\/www.girgea.org\/en\/home\/"},{"@type":"ListItem","position":2,"name":"Ecole de M\u00e9t\u00e9orologie de l&rsquo;Espace en Alg\u00e9rie du 6 au 16 mai 2013"}]},{"@type":"WebSite","@id":"https:\/\/www.girgea.org\/en\/#website","url":"https:\/\/www.girgea.org\/en\/","name":"Girgea","description":"Groupe de Recherche en G\u00e9ophysique Europe Afrique Asie Am\u00e9rique","potentialAction":[{"@type":"SearchAction","target":{"@type":"EntryPoint","urlTemplate":"https:\/\/www.girgea.org\/en\/?s={search_term_string}"},"query-input":{"@type":"PropertyValueSpecification","valueRequired":true,"valueName":"search_term_string"}}],"inLanguage":"en-US"},{"@type":"Person","@id":"https:\/\/www.girgea.org\/en\/#\/schema\/person\/ecd3d7f0d1ce14f55605169e427dbc2d","name":"admin4632","image":{"@type":"ImageObject","inLanguage":"en-US","@id":"https:\/\/www.girgea.org\/en\/#\/schema\/person\/image\/","url":"https:\/\/secure.gravatar.com\/avatar\/1d1d586871b72cd68a33f670d541df955c2241e64a89f922b4cfdb2de870e005?s=96&d=mm&r=g","contentUrl":"https:\/\/secure.gravatar.com\/avatar\/1d1d586871b72cd68a33f670d541df955c2241e64a89f922b4cfdb2de870e005?s=96&d=mm&r=g","caption":"admin4632"},"url":"https:\/\/www.girgea.org\/en\/author\/admin4632\/"}]}},"_links":{"self":[{"href":"https:\/\/www.girgea.org\/en\/wp-json\/wp\/v2\/posts\/1000","targetHints":{"allow":["GET"]}}],"collection":[{"href":"https:\/\/www.girgea.org\/en\/wp-json\/wp\/v2\/posts"}],"about":[{"href":"https:\/\/www.girgea.org\/en\/wp-json\/wp\/v2\/types\/post"}],"author":[{"embeddable":true,"href":"https:\/\/www.girgea.org\/en\/wp-json\/wp\/v2\/users\/1"}],"replies":[{"embeddable":true,"href":"https:\/\/www.girgea.org\/en\/wp-json\/wp\/v2\/comments?post=1000"}],"version-history":[{"count":1,"href":"https:\/\/www.girgea.org\/en\/wp-json\/wp\/v2\/posts\/1000\/revisions"}],"predecessor-version":[{"id":11928,"href":"https:\/\/www.girgea.org\/en\/wp-json\/wp\/v2\/posts\/1000\/revisions\/11928"}],"wp:attachment":[{"href":"https:\/\/www.girgea.org\/en\/wp-json\/wp\/v2\/media?parent=1000"}],"wp:term":[{"taxonomy":"category","embeddable":true,"href":"https:\/\/www.girgea.org\/en\/wp-json\/wp\/v2\/categories?post=1000"},{"taxonomy":"post_tag","embeddable":true,"href":"https:\/\/www.girgea.org\/en\/wp-json\/wp\/v2\/tags?post=1000"}],"curies":[{"name":"wp","href":"https:\/\/api.w.org\/{rel}","templated":true}]}}